{"id":146905,"date":"2026-03-13T22:32:29","date_gmt":"2026-03-14T01:32:29","guid":{"rendered":"https:\/\/revistaesperanzas.com\/web\/?p=146905"},"modified":"2026-03-13T22:32:29","modified_gmt":"2026-03-14T01:32:29","slug":"2da-ampliacion-de-gacetilla-oficial-de-prensa-departamento-relaciones-institucionales-policia-de-corrientes","status":"publish","type":"post","link":"https:\/\/revistaesperanzas.com\/web\/2026\/03\/2da-ampliacion-de-gacetilla-oficial-de-prensa-departamento-relaciones-institucionales-policia-de-corrientes\/","title":{"rendered":"2DA AMPLIACION DE GACETILLA OFICIAL DE PRENSA DEPARTAMENTO RELACIONES INSTITUCIONALES POLICIA DE CORRIENTES"},"content":{"rendered":"<p><strong><u>VIERNES 13 DE MARZO 2026<\/u><\/strong><\/p>\n<p><strong><u>AREA INTERIOR: <\/u><\/strong><strong>UNIDAD ESPECIAL DE SEGURIDAD RURAL Y ECOLOGICA- LAVALLE<\/strong><\/p>\n<p><strong>La Polic\u00eda secuestro m\u00e1s de 130 kg de cortes de productos c\u00e1rnicos que fueron faenados de manera ilegal para la comercializaci\u00f3n.<\/strong><\/p>\n<p>Efectivos policiales dependientes de la Unidad Especial de Seguridad Rural y Ecol\u00f3gica de Lavalle fueron alertados en la ma\u00f1ana de hoy 13-06-26, sobre una supuesta faena clandestina que se estar\u00eda registrando en un domicilio ubicado en la localidad de Cruz de los Milagros.<a href=\"https:\/\/revistaesperanzas.com\/web\/2026\/03\/2da-ampliacion-de-gacetilla-oficial-de-prensa-departamento-relaciones-institucionales-policia-de-corrientes\/whatsapp-image-2026-03-13-at-21-43-18-2\/\" rel=\"attachment wp-att-146907\"><img loading=\"lazy\" decoding=\"async\" class=\" wp-image-146907 alignleft\" src=\"https:\/\/revistaesperanzas.com\/web\/wp-content\/uploads\/2026\/03\/WhatsApp-Image-2026-03-13-at-21.43.18-2.jpeg\" alt=\"\" width=\"450\" height=\"315\" srcset=\"https:\/\/revistaesperanzas.com\/web\/wp-content\/uploads\/2026\/03\/WhatsApp-Image-2026-03-13-at-21.43.18-2.jpeg 600w, https:\/\/revistaesperanzas.com\/web\/wp-content\/uploads\/2026\/03\/WhatsApp-Image-2026-03-13-at-21.43.18-2-100x70.jpeg 100w\" sizes=\"auto, (max-width: 450px) 100vw, 450px\" \/><\/a><\/p>\n<p>Por tal motivo, de manera inmediata los mencionados efectivos se dirigieron hasta el lugar, donde efectivamente se encontraron con una faena, los cuales estar\u00edan destinadas aparentemente para la comercializaci\u00f3n ilegal; logrando el secuestro de mas de 130 kg de<a href=\"https:\/\/revistaesperanzas.com\/web\/2026\/03\/2da-ampliacion-de-gacetilla-oficial-de-prensa-departamento-relaciones-institucionales-policia-de-corrientes\/whatsapp-image-2026-03-13-at-21-43-18-1\/\" rel=\"attachment wp-att-146908\"><img loading=\"lazy\" decoding=\"async\" class=\" wp-image-146908 alignright\" src=\"https:\/\/revistaesperanzas.com\/web\/wp-content\/uploads\/2026\/03\/WhatsApp-Image-2026-03-13-at-21.43.18-1.jpeg\" alt=\"\" width=\"450\" height=\"563\" srcset=\"https:\/\/revistaesperanzas.com\/web\/wp-content\/uploads\/2026\/03\/WhatsApp-Image-2026-03-13-at-21.43.18-1.jpeg 600w, https:\/\/revistaesperanzas.com\/web\/wp-content\/uploads\/2026\/03\/WhatsApp-Image-2026-03-13-at-21.43.18-1-336x420.jpeg 336w\" sizes=\"auto, (max-width: 450px) 100vw, 450px\" \/><\/a> productos c\u00e1rnicos de animal vacuno -preparados para la distribuci\u00f3n-, adem\u00e1s, un aparejo, una picana, balanza y cuchillos.<\/p>\n<p>Lo secuestrado, fue puesto a disposici\u00f3n de la justicia y trasladados hasta la mencionada dependencia a fin de efectuarse la correspondiente desnaturalizaci\u00f3n.<\/p>\n<p><strong>UNIDAD ESPECIAL DE SEGURIDAD RURAL Y ECOLOGICA-SAUCE<\/strong><\/p>\n<p><strong>Tras un exitoso trabajo investigativo, la Polic\u00eda desarticulo un \u201crefugio\u201d utilizado para para la caza furtiva, donde secuestraron gran cantidad de armas de fuego, entre otros elementos.<a href=\"https:\/\/revistaesperanzas.com\/web\/2026\/03\/2da-ampliacion-de-gacetilla-oficial-de-prensa-departamento-relaciones-institucionales-policia-de-corrientes\/whatsapp-image-2026-03-13-at-21-43-17-3\/\" rel=\"attachment wp-att-146909\"><img loading=\"lazy\" decoding=\"async\" class=\" wp-image-146909 alignleft\" src=\"https:\/\/revistaesperanzas.com\/web\/wp-content\/uploads\/2026\/03\/WhatsApp-Image-2026-03-13-at-21.43.17-3.jpeg\" alt=\"\" width=\"451\" height=\"308\" srcset=\"https:\/\/revistaesperanzas.com\/web\/wp-content\/uploads\/2026\/03\/WhatsApp-Image-2026-03-13-at-21.43.17-3.jpeg 600w, https:\/\/revistaesperanzas.com\/web\/wp-content\/uploads\/2026\/03\/WhatsApp-Image-2026-03-13-at-21.43.17-3-218x150.jpeg 218w\" sizes=\"auto, (max-width: 451px) 100vw, 451px\" \/><\/a><\/strong><\/p>\n<p>Efectivos policiales dependientes de la Unidad Especial de Seguridad Rural y Ecol\u00f3gica de Sauce, en colaboraci\u00f3n con la Unidad Fiscal de Investigaci\u00f3n llevaron adelante tareas investigativas en relaci\u00f3n a diferentes hechos relacionados a la caza furtiva registrado en campos y<a href=\"https:\/\/revistaesperanzas.com\/web\/2026\/03\/2da-ampliacion-de-gacetilla-oficial-de-prensa-departamento-relaciones-institucionales-policia-de-corrientes\/whatsapp-image-2026-03-13-at-21-43-17-1\/\" rel=\"attachment wp-att-146910\"><img loading=\"lazy\" decoding=\"async\" class=\" wp-image-146910 alignright\" src=\"https:\/\/revistaesperanzas.com\/web\/wp-content\/uploads\/2026\/03\/WhatsApp-Image-2026-03-13-at-21.43.17-1.jpeg\" alt=\"\" width=\"449\" height=\"307\" srcset=\"https:\/\/revistaesperanzas.com\/web\/wp-content\/uploads\/2026\/03\/WhatsApp-Image-2026-03-13-at-21.43.17-1.jpeg 600w, https:\/\/revistaesperanzas.com\/web\/wp-content\/uploads\/2026\/03\/WhatsApp-Image-2026-03-13-at-21.43.17-1-218x150.jpeg 218w\" sizes=\"auto, (max-width: 449px) 100vw, 449px\" \/><\/a> caminos vecinales de esa localidad.<\/p>\n<p>Por ello, los mencionados efectivos, lograron llegar hasta un establecimiento rural ubicado en el Paraje Segunda Secci\u00f3n Ca\u00f1adita, donde aparentemente se utilizaba como \u201cbase operativa\u201d, logrando en la oportunidad hallar y<a href=\"https:\/\/revistaesperanzas.com\/web\/2026\/03\/2da-ampliacion-de-gacetilla-oficial-de-prensa-departamento-relaciones-institucionales-policia-de-corrientes\/whatsapp-image-2026-03-13-at-21-43-17\/\" rel=\"attachment wp-att-146911\"><img loading=\"lazy\" decoding=\"async\" class=\" wp-image-146911 alignleft\" src=\"https:\/\/revistaesperanzas.com\/web\/wp-content\/uploads\/2026\/03\/WhatsApp-Image-2026-03-13-at-21.43.17.jpeg\" alt=\"\" width=\"450\" height=\"315\" srcset=\"https:\/\/revistaesperanzas.com\/web\/wp-content\/uploads\/2026\/03\/WhatsApp-Image-2026-03-13-at-21.43.17.jpeg 600w, https:\/\/revistaesperanzas.com\/web\/wp-content\/uploads\/2026\/03\/WhatsApp-Image-2026-03-13-at-21.43.17-100x70.jpeg 100w\" sizes=\"auto, (max-width: 450px) 100vw, 450px\" \/><\/a> secuestrar armamentos, equipos de caza y de comunicaci\u00f3n, entre ellos, rifles, carabinas fusiles de diferentes calibres, radios Handys, redes de camuflajes, cuchillos, ropas mimetizadas, carpas, mochilas, ente otros elementos.<\/p>\n<p>Al respecto, los elementos secuestrados fueron puestos a disposici\u00f3n de la justicia y trasladados hasta la citada dependencia a fin de continuar con las diligencias del caso.<a href=\"https:\/\/revistaesperanzas.com\/web\/2026\/03\/2da-ampliacion-de-gacetilla-oficial-de-prensa-departamento-relaciones-institucionales-policia-de-corrientes\/whatsapp-image-2026-03-13-at-21-43-20-2\/\" rel=\"attachment wp-att-146913\"><img loading=\"lazy\" decoding=\"async\" class=\"alignnone  wp-image-146913\" src=\"https:\/\/revistaesperanzas.com\/web\/wp-content\/uploads\/2026\/03\/WhatsApp-Image-2026-03-13-at-21.43.20-1.jpeg\" alt=\"\" width=\"699\" height=\"361\" \/><\/a><\/p>\n<p><a href=\"https:\/\/revistaesperanzas.com\/web\/2026\/03\/2da-ampliacion-de-gacetilla-oficial-de-prensa-departamento-relaciones-institucionales-policia-de-corrientes\/whatsapp-image-2026-03-13-at-21-43-20-1\/\" rel=\"attachment wp-att-146914\"><img loading=\"lazy\" decoding=\"async\" class=\"alignnone  wp-image-146914\" src=\"https:\/\/revistaesperanzas.com\/web\/wp-content\/uploads\/2026\/03\/WhatsApp-Image-2026-03-13-at-21.43.20-1-1.jpeg\" alt=\"\" width=\"755\" height=\"302\" \/><\/a><a href=\"https:\/\/revistaesperanzas.com\/web\/2026\/03\/2da-ampliacion-de-gacetilla-oficial-de-prensa-departamento-relaciones-institucionales-policia-de-corrientes\/whatsapp-image-2026-03-13-at-21-43-19-1\/\" rel=\"attachment wp-att-146915\"><img loading=\"lazy\" decoding=\"async\" class=\"alignnone  wp-image-146915\" src=\"https:\/\/revistaesperanzas.com\/web\/wp-content\/uploads\/2026\/03\/WhatsApp-Image-2026-03-13-at-21.43.19-1.jpeg\" alt=\"\" width=\"699\" height=\"431\" srcset=\"https:\/\/revistaesperanzas.com\/web\/wp-content\/uploads\/2026\/03\/WhatsApp-Image-2026-03-13-at-21.43.19-1.jpeg 600w, https:\/\/revistaesperanzas.com\/web\/wp-content\/uploads\/2026\/03\/WhatsApp-Image-2026-03-13-at-21.43.19-1-356x220.jpeg 356w\" sizes=\"auto, (max-width: 699px) 100vw, 699px\" \/><\/a><\/p>\n<p><strong>Lic. SERGIO FIDEL AGUILAR<\/strong><\/p>\n<p><strong>Comisario Mayor<\/strong><\/p>\n<p><strong>Jefe Dpto. Relaciones Institucionales<\/strong><\/p>\n","protected":false},"excerpt":{"rendered":"<p>VIERNES 13 DE MARZO 2026 AREA INTERIOR: UNIDAD ESPECIAL DE SEGURIDAD RURAL Y ECOLOGICA- LAVALLE La Polic\u00eda secuestro m\u00e1s de 130 kg de cortes de productos c\u00e1rnicos que fueron faenados de manera ilegal para la comercializaci\u00f3n. Efectivos policiales dependientes de la Unidad Especial de Seguridad Rural y Ecol\u00f3gica de Lavalle fueron alertados en la ma\u00f1ana [&hellip;]<\/p>\n","protected":false},"author":4,"featured_media":146916,"comment_status":"closed","ping_status":"closed","sticky":false,"template":"","format":"standard","meta":{"footnotes":""},"categories":[58],"tags":[],"class_list":{"0":"post-146905","1":"post","2":"type-post","3":"status-publish","4":"format-standard","5":"has-post-thumbnail","7":"category-corrientes"},"_links":{"self":[{"href":"https:\/\/revistaesperanzas.com\/web\/wp-json\/wp\/v2\/posts\/146905","targetHints":{"allow":["GET"]}}],"collection":[{"href":"https:\/\/revistaesperanzas.com\/web\/wp-json\/wp\/v2\/posts"}],"about":[{"href":"https:\/\/revistaesperanzas.com\/web\/wp-json\/wp\/v2\/types\/post"}],"author":[{"embeddable":true,"href":"https:\/\/revistaesperanzas.com\/web\/wp-json\/wp\/v2\/users\/4"}],"replies":[{"embeddable":true,"href":"https:\/\/revistaesperanzas.com\/web\/wp-json\/wp\/v2\/comments?post=146905"}],"version-history":[{"count":2,"href":"https:\/\/revistaesperanzas.com\/web\/wp-json\/wp\/v2\/posts\/146905\/revisions"}],"predecessor-version":[{"id":146918,"href":"https:\/\/revistaesperanzas.com\/web\/wp-json\/wp\/v2\/posts\/146905\/revisions\/146918"}],"wp:featuredmedia":[{"embeddable":true,"href":"https:\/\/revistaesperanzas.com\/web\/wp-json\/wp\/v2\/media\/146916"}],"wp:attachment":[{"href":"https:\/\/revistaesperanzas.com\/web\/wp-json\/wp\/v2\/media?parent=146905"}],"wp:term":[{"taxonomy":"category","embeddable":true,"href":"https:\/\/revistaesperanzas.com\/web\/wp-json\/wp\/v2\/categories?post=146905"},{"taxonomy":"post_tag","embeddable":true,"href":"https:\/\/revistaesperanzas.com\/web\/wp-json\/wp\/v2\/tags?post=146905"}],"curies":[{"name":"wp","href":"https:\/\/api.w.org\/{rel}","templated":true}]}}