{"id":146921,"date":"2026-03-14T08:31:13","date_gmt":"2026-03-14T11:31:13","guid":{"rendered":"https:\/\/revistaesperanzas.com\/web\/?p=146921"},"modified":"2026-03-14T08:31:13","modified_gmt":"2026-03-14T11:31:13","slug":"su-padre-le-dio-una-golpiza-vio-que-no-respiraba-y-lo-tiro-a-una-zanja-el-brutal-crimen-que-conmociona-a-uruguay","status":"publish","type":"post","link":"https:\/\/revistaesperanzas.com\/web\/2026\/03\/su-padre-le-dio-una-golpiza-vio-que-no-respiraba-y-lo-tiro-a-una-zanja-el-brutal-crimen-que-conmociona-a-uruguay\/","title":{"rendered":"SU PADRE LE DIO UNA GOLPIZA, VIO QUE NO RESPIRABA Y LO TIR\u00d3 A UNA ZANJA: EL BRUTAL CRIMEN QUE CONMOCIONA A URUGUAY"},"content":{"rendered":"<header class=\"article-header-wrapper\">\n<div class=\"article-header with-follow-button-ctn\">\n<p class=\"article-subheadline text_align_left\"><span style=\"font-size: 12pt;\"><strong>Por: <a class=\"author-name\" href=\"https:\/\/www.infobae.com\/autor\/pedro-tristant\/\" aria-label=\"Pedro Tristant\">Pedro Tristant<\/a>\u00a0 &#8211; &#8211; Despu\u00e9s de mucho tiempo de sufrir violencia dom\u00e9stica, Jonathan Correa -de 15 a\u00f1os- fue asesinado por su padre, Jonathan Calero. \u201c\u00bfC\u00f3mo desde el Estado no pudimos resolverlo a tiempo, c\u00f3mo no lo pudimos impedir?\u201d, cuestion\u00f3 el presidente Yamand\u00fa Orsi<\/strong><\/span><\/p>\n<div class=\"display_flex align_items_center flex_row byline follow-button-ctn has-author byline-correspondent\">\n<div>\n<div class=\"display_flex byline-image-ctn\">\n<div class=\"author-image-header\">\n<div class=\"\">Desde Montevideo<\/div>\n<\/div>\n<\/div>\n<\/div>\n<\/div>\n<\/div>\n<\/header>\n<article class=\"article\">\n<div class=\"body-article \">\n<div class=\"visual__image image-initial-width\"><picture><source srcset=\"https:\/\/www.infobae.com\/resizer\/v2\/4Y7HN2VK6ZF5VHTFDXGFRQE4IA.png?auth=59455be3dedd822130f3719cdc0124ccac9d7768025dae6be69ed4c1e8375b14&amp;smart=true&amp;width=992&amp;height=720&amp;quality=85\" media=\"(min-width: 1000px)\" \/><source srcset=\"https:\/\/www.infobae.com\/resizer\/v2\/4Y7HN2VK6ZF5VHTFDXGFRQE4IA.png?auth=59455be3dedd822130f3719cdc0124ccac9d7768025dae6be69ed4c1e8375b14&amp;smart=true&amp;width=768&amp;height=558&amp;quality=85\" media=\"(min-width: 768px)\" \/><source srcset=\"https:\/\/www.infobae.com\/resizer\/v2\/4Y7HN2VK6ZF5VHTFDXGFRQE4IA.png?auth=59455be3dedd822130f3719cdc0124ccac9d7768025dae6be69ed4c1e8375b14&amp;smart=true&amp;width=577&amp;height=419&amp;quality=85\" media=\"(min-width: 580px)\" \/><source srcset=\"https:\/\/www.infobae.com\/resizer\/v2\/4Y7HN2VK6ZF5VHTFDXGFRQE4IA.png?auth=59455be3dedd822130f3719cdc0124ccac9d7768025dae6be69ed4c1e8375b14&amp;smart=true&amp;width=420&amp;height=305&amp;quality=85\" media=\"(min-width: 350px)\" \/><source srcset=\"https:\/\/www.infobae.com\/resizer\/v2\/4Y7HN2VK6ZF5VHTFDXGFRQE4IA.png?auth=59455be3dedd822130f3719cdc0124ccac9d7768025dae6be69ed4c1e8375b14&amp;smart=true&amp;width=350&amp;height=254&amp;quality=85\" media=\"(min-width: 80px)\" \/><img loading=\"lazy\" decoding=\"async\" class=\"global-image\" src=\"https:\/\/www.infobae.com\/resizer\/v2\/4Y7HN2VK6ZF5VHTFDXGFRQE4IA.png?auth=59455be3dedd822130f3719cdc0124ccac9d7768025dae6be69ed4c1e8375b14&amp;smart=true&amp;width=350&amp;height=254&amp;quality=85\" alt=\"Jonathan Correa, de 15 a\u00f1os,\" width=\"1774\" height=\"1288\" \/><\/picture>Jonathan Correa, de 15 a\u00f1os, fue matado a golpes por su padre (Captura Telemundo\/Canal 12)<\/div>\n<p class=\"paragraph\" data-mrf-recirculation=\"Links inline\">El adolescente<b>\u00a0Jonathan Correa,<\/b>\u00a0de 15 a\u00f1os, tuvo una fuerte discusi\u00f3n con su padre,\u00a0<b>Jonathan Calero<\/b>, el viernes de noche y el mayor lo comenz\u00f3 a golpear tomando un cable. El hombre, de 37 a\u00f1os, le dio una fuerte golpiza en su dormitorio, mientras su madre y su hermana (de nueve a\u00f1os) estaban en otra habitaci\u00f3n.\u00a0<b>Cuando termin\u00f3 de golpearlo, lo mand\u00f3 a dormir. El adolescente ya no se despertar\u00eda.<\/b><\/p>\n<p class=\"paragraph\" data-mrf-recirculation=\"Links inline\">Entre las dos y las tres de esa madrugada \u2013seg\u00fan la reconstrucci\u00f3n que hizo Fiscal\u00eda consignada por\u00a0<i>La Diaria\u2013,\u00a0<\/i>Calero se levant\u00f3 y fue hasta el dormitorio en el que hac\u00eda algunas horas hab\u00eda golpeado a su hijo.\u00a0<b>All\u00ed vio que el menor no reaccionaba, que estaba sin signos vitales.\u00a0<\/b>Entonces\u00a0<b>decidi\u00f3 cargarlo, llev\u00e1rselo de la casa y tirarlo en una cuneta.<\/b><\/p>\n<div class=\"inline ad-wrapper\">\n<div class=\"dfpAd ad-inline\">\n<div id=\"infobae\/america\/america-latina\/nota\/inline\" class=\"infobae\/america\/america-latina\/nota\/inline arcad\" data-google-query-id=\"CJ-s-qikn5MDFcg1uQYdK401aQ\">\n<div id=\"google_ads_iframe_\/1058609\/infobae\/america\/america-latina\/nota\/inline_0__container__\">Cuando la madre se levant\u00f3, vio que el adolescente no estaba y ambos empezaron a buscarlo. Hasta que finalmente el hombre confiesa que est\u00e1 en un lugar. All\u00ed intentaron <b>reanimarlo, pero no hab\u00eda nada por hacer.\u00a0<\/b><a href=\"https:\/\/www.infobae.com\/america\/america-latina\/2026\/03\/10\/conmocion-en-uruguay-un-padre-mato-a-golpes-a-su-hijo-de-15-anos-y-lo-tiro-en-una-zanja\/\" target=\"_blank\" rel=\"noopener noreferrer\" data-mrf-link=\"https:\/\/www.infobae.com\/america\/america-latina\/2026\/03\/10\/conmocion-en-uruguay-un-padre-mato-a-golpes-a-su-hijo-de-15-anos-y-lo-tiro-en-una-zanja\/\">Jonathan, el adolescente de 15 a\u00f1os, hab\u00eda muerto<\/a>.<\/div>\n<\/div>\n<\/div>\n<\/div>\n<div class=\"visual__image\"><picture><source srcset=\"https:\/\/www.infobae.com\/resizer\/v2\/EQXKHWHA2JFJJMIILUA63MXNQE.png?auth=2bc72bad9776329001b1d5ba8465466b284434de5f67f330f85f11d39fb0cb46&amp;smart=true&amp;width=992&amp;height=617&amp;quality=85\" media=\"(min-width: 1000px)\" \/><source srcset=\"https:\/\/www.infobae.com\/resizer\/v2\/EQXKHWHA2JFJJMIILUA63MXNQE.png?auth=2bc72bad9776329001b1d5ba8465466b284434de5f67f330f85f11d39fb0cb46&amp;smart=true&amp;width=768&amp;height=478&amp;quality=85\" media=\"(min-width: 768px)\" \/><source srcset=\"https:\/\/www.infobae.com\/resizer\/v2\/EQXKHWHA2JFJJMIILUA63MXNQE.png?auth=2bc72bad9776329001b1d5ba8465466b284434de5f67f330f85f11d39fb0cb46&amp;smart=true&amp;width=577&amp;height=359&amp;quality=85\" media=\"(min-width: 580px)\" \/><source srcset=\"https:\/\/www.infobae.com\/resizer\/v2\/EQXKHWHA2JFJJMIILUA63MXNQE.png?auth=2bc72bad9776329001b1d5ba8465466b284434de5f67f330f85f11d39fb0cb46&amp;smart=true&amp;width=420&amp;height=261&amp;quality=85\" media=\"(min-width: 350px)\" \/><source srcset=\"https:\/\/www.infobae.com\/resizer\/v2\/EQXKHWHA2JFJJMIILUA63MXNQE.png?auth=2bc72bad9776329001b1d5ba8465466b284434de5f67f330f85f11d39fb0cb46&amp;smart=true&amp;width=350&amp;height=218&amp;quality=85\" media=\"(min-width: 80px)\" \/><img loading=\"lazy\" decoding=\"async\" class=\"global-image\" src=\"https:\/\/www.infobae.com\/resizer\/v2\/EQXKHWHA2JFJJMIILUA63MXNQE.png?auth=2bc72bad9776329001b1d5ba8465466b284434de5f67f330f85f11d39fb0cb46&amp;smart=true&amp;width=350&amp;height=218&amp;quality=85\" alt=\"Jonathan Correa fue asesinado por\" width=\"1928\" height=\"1200\" \/><\/picture>Jonathan Correa fue asesinado por su padre en Uruguay (Captura Telemundo\/Canal 12)<\/div>\n<p class=\"paragraph\" data-mrf-recirculation=\"Links inline\">Lo primero que dijo Calero cuando vio que su hijo hab\u00eda fallecido fue que se podr\u00eda haber ca\u00eddo de un \u201cpuentecito que hab\u00eda cerca\u201d, de acuerdo al relato de la fiscal.<\/p>\n<div class=\"inline_2_DSK ad-wrapper ad-desktop\">\n<div class=\"dfpAd ad-inline\">\n<div id=\"infobae\/america\/america-latina\/nota\/inline_2_DSK\" class=\"infobae\/america\/america-latina\/nota\/inline_2_DSK arcad\" data-google-query-id=\"CK6O56ikn5MDFZ4_uQYd7F4vsg\">\n<div id=\"google_ads_iframe_\/1058609\/infobae\/america\/america-latina\/nota\/inline_2_DSK_0__container__\">El caso gener\u00f3 conmoci\u00f3n en Uruguay. Con el paso de los d\u00edas se supo que la UTU (el secundario especializado en oficios al que asist\u00eda) hab\u00eda denunciado que Jonathan sufr\u00eda violencia desde que era chico, pero esa denuncia nunca avanz\u00f3 ni en la Polic\u00eda ni en Poder Judicial. Tambi\u00e9n hablaron las autoridades pol\u00edticas \u2013hasta el<b>\u00a0presidente de la Rep\u00fablica, Yamand\u00fa Orsi<\/b>\u2013, quienes lamentaron la omisi\u00f3n que hubo de parte del Estado en este caso.<\/div>\n<div><\/div>\n<\/div>\n<\/div>\n<\/div>\n<p class=\"paragraph\" data-mrf-recirculation=\"Links inline\">La Justicia dispuso que Calero sea imputado por un delito de violencia dom\u00e9stica agravada y homicidio especialmente agravado por haberse cometido contra su hijo y en presencia de menores de edad, tal como lo pidi\u00f3 la<b>\u00a0fiscal del caso, Sabrina Flores.<\/b><\/p>\n<div class=\"visual__image\"><picture><source srcset=\"https:\/\/www.infobae.com\/resizer\/v2\/JR2EZQPYXNHWVGY5KCPWKE26KY.png?auth=90a73f09390b08d30775d52af01e1409869490bff3bb4b8d1cb40ffdc7c1f1d7&amp;smart=true&amp;width=992&amp;height=527&amp;quality=85\" media=\"(min-width: 1000px)\" \/><source srcset=\"https:\/\/www.infobae.com\/resizer\/v2\/JR2EZQPYXNHWVGY5KCPWKE26KY.png?auth=90a73f09390b08d30775d52af01e1409869490bff3bb4b8d1cb40ffdc7c1f1d7&amp;smart=true&amp;width=768&amp;height=408&amp;quality=85\" media=\"(min-width: 768px)\" \/><source srcset=\"https:\/\/www.infobae.com\/resizer\/v2\/JR2EZQPYXNHWVGY5KCPWKE26KY.png?auth=90a73f09390b08d30775d52af01e1409869490bff3bb4b8d1cb40ffdc7c1f1d7&amp;smart=true&amp;width=577&amp;height=307&amp;quality=85\" media=\"(min-width: 580px)\" \/><source srcset=\"https:\/\/www.infobae.com\/resizer\/v2\/JR2EZQPYXNHWVGY5KCPWKE26KY.png?auth=90a73f09390b08d30775d52af01e1409869490bff3bb4b8d1cb40ffdc7c1f1d7&amp;smart=true&amp;width=420&amp;height=223&amp;quality=85\" media=\"(min-width: 350px)\" \/><source srcset=\"https:\/\/www.infobae.com\/resizer\/v2\/JR2EZQPYXNHWVGY5KCPWKE26KY.png?auth=90a73f09390b08d30775d52af01e1409869490bff3bb4b8d1cb40ffdc7c1f1d7&amp;smart=true&amp;width=350&amp;height=186&amp;quality=85\" media=\"(min-width: 80px)\" \/><img loading=\"lazy\" decoding=\"async\" class=\"global-image\" src=\"https:\/\/www.infobae.com\/resizer\/v2\/JR2EZQPYXNHWVGY5KCPWKE26KY.png?auth=90a73f09390b08d30775d52af01e1409869490bff3bb4b8d1cb40ffdc7c1f1d7&amp;smart=true&amp;width=350&amp;height=186&amp;quality=85\" alt=\"Jonathan Correa fue asesinado por\" width=\"2426\" height=\"1290\" \/><\/picture>Jonathan Correa fue asesinado por su padre y apareci\u00f3 en una zanja en Uruguay (Captura Telemundo\/Canal 12)<\/div>\n<p class=\"paragraph\" data-mrf-recirculation=\"Links inline\">Calero era un clasificador y feriante.<\/p>\n<h2 class=\"header headline-class-h2 headline\">Violencia desde \u201chace mucho tiempo\u201d<\/h2>\n<p class=\"paragraph\" data-mrf-recirculation=\"Links inline\">Jonathan era en la secundaria un chico introvertido. As\u00ed lo recordaron sus compa\u00f1eros en el noticiero uruguayo\u00a0<i>Telemundo.\u00a0<\/i>El joven no era muy sociable: no ten\u00eda amigos ni molestaba. Eso s\u00ed:\u00a0<b>era un \u201cbuen pibito\u201d, \u201cinteligente\u201d y \u201cquerido\u201d por sus compa\u00f1eros pese a su timidez.\u00a0<\/b>Pero los otros alumnos de la UTU tambi\u00e9n notaban que en su casa sufr\u00eda violencia.\u00a0<b>Ten\u00eda moretones en los brazos y se los tapaba con una campera<\/b>\u201d, relat\u00f3 uno de ellos. Tambi\u00e9n contaron que se lo notaba con los \u201cojos negros\u201d.<\/p>\n<div class=\"visual__image\"><picture><source srcset=\"https:\/\/www.infobae.com\/resizer\/v2\/FP4RR5QH3RF7XPKG3HH6K2RSRY.png?auth=72ba520bc6f3396265190926d31e148625220540334c58632a201ffd6354eb50&amp;smart=true&amp;width=992&amp;height=558&amp;quality=85\" media=\"(min-width: 1000px)\" \/><source srcset=\"https:\/\/www.infobae.com\/resizer\/v2\/FP4RR5QH3RF7XPKG3HH6K2RSRY.png?auth=72ba520bc6f3396265190926d31e148625220540334c58632a201ffd6354eb50&amp;smart=true&amp;width=768&amp;height=432&amp;quality=85\" media=\"(min-width: 768px)\" \/><source srcset=\"https:\/\/www.infobae.com\/resizer\/v2\/FP4RR5QH3RF7XPKG3HH6K2RSRY.png?auth=72ba520bc6f3396265190926d31e148625220540334c58632a201ffd6354eb50&amp;smart=true&amp;width=577&amp;height=325&amp;quality=85\" media=\"(min-width: 580px)\" \/><source srcset=\"https:\/\/www.infobae.com\/resizer\/v2\/FP4RR5QH3RF7XPKG3HH6K2RSRY.png?auth=72ba520bc6f3396265190926d31e148625220540334c58632a201ffd6354eb50&amp;smart=true&amp;width=420&amp;height=236&amp;quality=85\" media=\"(min-width: 350px)\" \/><source srcset=\"https:\/\/www.infobae.com\/resizer\/v2\/FP4RR5QH3RF7XPKG3HH6K2RSRY.png?auth=72ba520bc6f3396265190926d31e148625220540334c58632a201ffd6354eb50&amp;smart=true&amp;width=350&amp;height=197&amp;quality=85\" media=\"(min-width: 80px)\" \/><img loading=\"lazy\" decoding=\"async\" class=\"global-image\" src=\"https:\/\/www.infobae.com\/resizer\/v2\/FP4RR5QH3RF7XPKG3HH6K2RSRY.png?auth=72ba520bc6f3396265190926d31e148625220540334c58632a201ffd6354eb50&amp;smart=true&amp;width=350&amp;height=197&amp;quality=85\" alt=\"La madre de Jonathan Correa\" width=\"2374\" height=\"1336\" \/><\/picture>La madre de Jonathan Correa fue agredida luego de que el padre lo asesinara a golpes (Captura Telemundo\/Canal 12)<\/div>\n<p class=\"paragraph\" data-mrf-recirculation=\"Links inline\">La violencia no solo fue una percepci\u00f3n de sus compa\u00f1eros: tambi\u00e9n qued\u00f3 reflejada en las pericias forenses que fueron analizadas por la Fiscal\u00eda, y consignadas en el art\u00edculo de\u00a0<i>La Diaria<\/i>. En el escrito de imputaci\u00f3n, la fiscal concluy\u00f3 que\u00a0<b>hubo \u201cdiferentes tipos de violencias f\u00edsicas sobre el cuerpo\u201d de Jonathan<\/b>. La m\u00e9dica que realiz\u00f3 la autopsia forense plante\u00f3 que tiene \u201cm\u00faltiples heridas, de diferente tiempo de antig\u00fcedad\u201d, y que la causa de muerte son los golpes que recibi\u00f3.<\/p>\n<p class=\"paragraph\" data-mrf-recirculation=\"Links inline\">\u201c<b>Hay tantas lesiones que la forense no pudo constatar bien d\u00f3nde hab\u00eda iniciado el sangrado<\/b>\u201d, se\u00f1ala el pedido de imputaci\u00f3n de la fiscal, que fue le\u00eddo en la audiencia.<\/p>\n<p class=\"paragraph\" data-mrf-recirculation=\"Links inline\">El padre de Jonathan fue enviado a la c\u00e1rcel en prisi\u00f3n preventiva por 180 d\u00edas, mientras avanza la investigaci\u00f3n.<\/p>\n<p class=\"paragraph\" data-mrf-recirculation=\"Links inline\">La defensa del adolescente no se opuso a la formalizaci\u00f3n ni a la prisi\u00f3n preventiva. Sin embargo, su abogado (de oficio) solicit\u00f3 atenci\u00f3n m\u00e9dica en la c\u00e1rcel para continuar un tratamiento de asma. Tambi\u00e9n pidi\u00f3 una\u00a0<b>pericia psiqui\u00e1trica<\/b>\u00a0para saber si es capaz que apreciar el car\u00e1cter il\u00edcito de sus actos: es decir,\u00a0<b>para saber si es imputable o inimputable.<\/b><\/p>\n<p class=\"paragraph\" data-mrf-recirculation=\"Links inline\"><b>La hermana de Jonathan originalmente fue a vivir con su abuela, pero sobre ella tambi\u00e9n hay acusaciones de violencia<\/b>, seg\u00fan inform\u00f3\u00a0<i>El Observador<\/i>. Por eso, la Justicia dispuso que tanto ella \u2013que tiene nueve a\u00f1os\u2013 como dos de sus primos fueran enviados a centros del organismo estatal de menores de Uruguay (<b>INAU<\/b>).<\/p>\n<h2 class=\"header headline-class-h2 headline\">Yamand\u00fa Orsi: un crimen \u201cespantoso\u201d<\/h2>\n<p class=\"paragraph\" data-mrf-recirculation=\"Links inline\">El presidente uruguayo se refiri\u00f3 el jueves a la muerte de Jonathan y marc\u00f3 las fallas estatales que hubo.<\/p>\n<div class=\"visual__image\"><picture><source srcset=\"https:\/\/www.infobae.com\/resizer\/v2\/NCUHEFFRYJENJPFRUBQDSMOCD4.png?auth=23ccd9ad7faaa8bd596a5724346c79ec632aa2bf07f797a4f5092b252cf57bf2&amp;smart=true&amp;width=992&amp;height=654&amp;quality=85\" media=\"(min-width: 1000px)\" \/><source srcset=\"https:\/\/www.infobae.com\/resizer\/v2\/NCUHEFFRYJENJPFRUBQDSMOCD4.png?auth=23ccd9ad7faaa8bd596a5724346c79ec632aa2bf07f797a4f5092b252cf57bf2&amp;smart=true&amp;width=768&amp;height=506&amp;quality=85\" media=\"(min-width: 768px)\" \/><source srcset=\"https:\/\/www.infobae.com\/resizer\/v2\/NCUHEFFRYJENJPFRUBQDSMOCD4.png?auth=23ccd9ad7faaa8bd596a5724346c79ec632aa2bf07f797a4f5092b252cf57bf2&amp;smart=true&amp;width=577&amp;height=380&amp;quality=85\" media=\"(min-width: 580px)\" \/><source srcset=\"https:\/\/www.infobae.com\/resizer\/v2\/NCUHEFFRYJENJPFRUBQDSMOCD4.png?auth=23ccd9ad7faaa8bd596a5724346c79ec632aa2bf07f797a4f5092b252cf57bf2&amp;smart=true&amp;width=420&amp;height=277&amp;quality=85\" media=\"(min-width: 350px)\" \/><source srcset=\"https:\/\/www.infobae.com\/resizer\/v2\/NCUHEFFRYJENJPFRUBQDSMOCD4.png?auth=23ccd9ad7faaa8bd596a5724346c79ec632aa2bf07f797a4f5092b252cf57bf2&amp;smart=true&amp;width=350&amp;height=231&amp;quality=85\" media=\"(min-width: 80px)\" \/><img loading=\"lazy\" decoding=\"async\" class=\"global-image\" src=\"https:\/\/www.infobae.com\/resizer\/v2\/NCUHEFFRYJENJPFRUBQDSMOCD4.png?auth=23ccd9ad7faaa8bd596a5724346c79ec632aa2bf07f797a4f5092b252cf57bf2&amp;smart=true&amp;width=350&amp;height=231&amp;quality=85\" alt=\"Jonathan Correa fue asesinado por\" width=\"1948\" height=\"1284\" \/><\/picture>Jonathan Correa fue asesinado por su padre en Uruguay (Captura Telemundo\/Canal 12)<\/div>\n<p class=\"paragraph\" data-mrf-recirculation=\"Links inline\">\u201cEs espantoso, terrible.\u00a0<b>La muerte de un ni\u00f1o nos parte el coraz\u00f3n<\/b>. De esa forma, adem\u00e1s: una muerte violenta\u201d, expres\u00f3 Orsi en una rueda de prensa. Se\u00f1al\u00f3 tambi\u00e9n que la vida que llevan menores como Jonathan significa \u201cotro golpe\u201d para el Estado uruguayo. Y como tercer lugar plante\u00f3 una pregunta: \u201c<b>\u00bfC\u00f3mo desde el Estado no pudimos resolverlo a tiempo, c\u00f3mo no lo pudimos impedir?<\/b>\u201d.<\/p>\n<p class=\"paragraph\" data-mrf-recirculation=\"Links inline\">El presidente le dio la raz\u00f3n al\u00a0<b>ministro del Interior, Carlos Negro<\/b>, quien antes hab\u00eda expresado su \u201cindignaci\u00f3n\u201d y \u201cprofunda tristeza\u201d por la muerte del joven. \u201c<b>El Estado todo fall\u00f3<\/b>. Los mecanismos de protecci\u00f3n que debemos tener frente a las instancias evidentemente fallaron. Tenemos que hacer un reconocimiento de estas fallas en los controles, tenemos que seguramente asumir las responsabilidades como Estado e investigar qu\u00e9 fue lo que sucedi\u00f3, qu\u00e9 fue lo que fall\u00f3 y luego sacar conclusiones\u201d, expres\u00f3.<\/p>\n<p class=\"paragraph\" data-mrf-recirculation=\"Links inline\">Negro anunci\u00f3 que se inici\u00f3 una investigaci\u00f3n administrativa para buscar responsabilidades.<\/p>\n<div class=\"visual__image\"><picture><source srcset=\"https:\/\/www.infobae.com\/resizer\/v2\/LJKG4DJ62VC2ZNNGH7NOXUOC3Y.png?auth=9908d85e2e91515d25ebd85f64604183a275918a26b528efb49d2f28e5619a7a&amp;smart=true&amp;width=992&amp;height=547&amp;quality=85\" media=\"(min-width: 1000px)\" \/><source srcset=\"https:\/\/www.infobae.com\/resizer\/v2\/LJKG4DJ62VC2ZNNGH7NOXUOC3Y.png?auth=9908d85e2e91515d25ebd85f64604183a275918a26b528efb49d2f28e5619a7a&amp;smart=true&amp;width=768&amp;height=423&amp;quality=85\" media=\"(min-width: 768px)\" \/><source srcset=\"https:\/\/www.infobae.com\/resizer\/v2\/LJKG4DJ62VC2ZNNGH7NOXUOC3Y.png?auth=9908d85e2e91515d25ebd85f64604183a275918a26b528efb49d2f28e5619a7a&amp;smart=true&amp;width=577&amp;height=318&amp;quality=85\" media=\"(min-width: 580px)\" \/><source srcset=\"https:\/\/www.infobae.com\/resizer\/v2\/LJKG4DJ62VC2ZNNGH7NOXUOC3Y.png?auth=9908d85e2e91515d25ebd85f64604183a275918a26b528efb49d2f28e5619a7a&amp;smart=true&amp;width=420&amp;height=231&amp;quality=85\" media=\"(min-width: 350px)\" \/><source srcset=\"https:\/\/www.infobae.com\/resizer\/v2\/LJKG4DJ62VC2ZNNGH7NOXUOC3Y.png?auth=9908d85e2e91515d25ebd85f64604183a275918a26b528efb49d2f28e5619a7a&amp;smart=true&amp;width=350&amp;height=193&amp;quality=85\" media=\"(min-width: 80px)\" \/><img loading=\"lazy\" decoding=\"async\" class=\"global-image\" src=\"https:\/\/www.infobae.com\/resizer\/v2\/LJKG4DJ62VC2ZNNGH7NOXUOC3Y.png?auth=9908d85e2e91515d25ebd85f64604183a275918a26b528efb49d2f28e5619a7a&amp;smart=true&amp;width=350&amp;height=193&amp;quality=85\" alt=\"La madre de Jonathan Correa\" width=\"2428\" height=\"1338\" \/><\/picture>La madre de Jonathan Correa fue agredida luego de que el padre lo asesinara a golpes (Captura Telemundo\/Canal 12)<\/div>\n<div><\/div>\n<p class=\"paragraph\" data-mrf-recirculation=\"Links inline\">La Suprema Corte de Justicia, en tanto, tambi\u00e9n pidi\u00f3 informes para saber c\u00f3mo fue el accionar de la Justicia luego de la denuncia que present\u00f3 el centro de estudios por la violencia que recib\u00eda Jonathan.<\/p>\n<p data-mrf-recirculation=\"Links inline\">www.infobae.com<\/p>\n<\/div>\n<\/article>\n","protected":false},"excerpt":{"rendered":"<p>Por: Pedro Tristant\u00a0 &#8211; &#8211; Despu\u00e9s de mucho tiempo de sufrir violencia dom\u00e9stica, Jonathan Correa -de 15 a\u00f1os- fue asesinado por su padre, Jonathan Calero. \u201c\u00bfC\u00f3mo desde el Estado no pudimos resolverlo a tiempo, c\u00f3mo no lo pudimos impedir?\u201d, cuestion\u00f3 el presidente Yamand\u00fa Orsi Desde Montevideo Jonathan Correa, de 15 a\u00f1os, fue matado a golpes [&hellip;]<\/p>\n","protected":false},"author":4,"featured_media":146922,"comment_status":"closed","ping_status":"closed","sticky":false,"template":"","format":"standard","meta":{"footnotes":""},"categories":[46],"tags":[],"class_list":{"0":"post-146921","1":"post","2":"type-post","3":"status-publish","4":"format-standard","5":"has-post-thumbnail","7":"category-mundo"},"_links":{"self":[{"href":"https:\/\/revistaesperanzas.com\/web\/wp-json\/wp\/v2\/posts\/146921","targetHints":{"allow":["GET"]}}],"collection":[{"href":"https:\/\/revistaesperanzas.com\/web\/wp-json\/wp\/v2\/posts"}],"about":[{"href":"https:\/\/revistaesperanzas.com\/web\/wp-json\/wp\/v2\/types\/post"}],"author":[{"embeddable":true,"href":"https:\/\/revistaesperanzas.com\/web\/wp-json\/wp\/v2\/users\/4"}],"replies":[{"embeddable":true,"href":"https:\/\/revistaesperanzas.com\/web\/wp-json\/wp\/v2\/comments?post=146921"}],"version-history":[{"count":1,"href":"https:\/\/revistaesperanzas.com\/web\/wp-json\/wp\/v2\/posts\/146921\/revisions"}],"predecessor-version":[{"id":146923,"href":"https:\/\/revistaesperanzas.com\/web\/wp-json\/wp\/v2\/posts\/146921\/revisions\/146923"}],"wp:featuredmedia":[{"embeddable":true,"href":"https:\/\/revistaesperanzas.com\/web\/wp-json\/wp\/v2\/media\/146922"}],"wp:attachment":[{"href":"https:\/\/revistaesperanzas.com\/web\/wp-json\/wp\/v2\/media?parent=146921"}],"wp:term":[{"taxonomy":"category","embeddable":true,"href":"https:\/\/revistaesperanzas.com\/web\/wp-json\/wp\/v2\/categories?post=146921"},{"taxonomy":"post_tag","embeddable":true,"href":"https:\/\/revistaesperanzas.com\/web\/wp-json\/wp\/v2\/tags?post=146921"}],"curies":[{"name":"wp","href":"https:\/\/api.w.org\/{rel}","templated":true}]}}