{"id":146924,"date":"2026-03-14T08:40:35","date_gmt":"2026-03-14T11:40:35","guid":{"rendered":"https:\/\/revistaesperanzas.com\/web\/?p=146924"},"modified":"2026-03-14T08:40:35","modified_gmt":"2026-03-14T11:40:35","slug":"areas-municipales-buscan-articular-acciones-y-optimizar-recursos","status":"publish","type":"post","link":"https:\/\/revistaesperanzas.com\/web\/2026\/03\/areas-municipales-buscan-articular-acciones-y-optimizar-recursos\/","title":{"rendered":"\u00c1REAS MUNICIPALES BUSCAN ARTICULAR ACCIONES Y OPTIMIZAR RECURSOS"},"content":{"rendered":"<p style=\"font-weight: 400;\">Agenda escolar de ciudad y campo<\/p>\n<p style=\"font-weight: 400;\"><a href=\"https:\/\/revistaesperanzas.com\/web\/2026\/03\/areas-municipales-buscan-articular-acciones-y-optimizar-recursos\/reunion-salon-acuerdos-agenda-escuelas-1\/\" rel=\"attachment wp-att-146927\"><img loading=\"lazy\" decoding=\"async\" class=\" wp-image-146927 alignleft\" src=\"https:\/\/revistaesperanzas.com\/web\/wp-content\/uploads\/2026\/03\/REUNION-SALON-ACUERDOS-AGENDA-ESCUELAS-1.jpg\" alt=\"\" width=\"450\" height=\"299\" \/><\/a>En la ma\u00f1ana del viernes, en el Sal\u00f3n de Acuerdos se reunieron funcionarios de distintas \u00e1reas municipales para avanzar en la agenda de escuelas y colegios en el municipio de Goya, que comprende ciudad y campo.<\/p>\n<p style=\"font-weight: 400;\">En la oportunidad, explicaron las actividades que se vienen desarrollando, como ser<a href=\"https:\/\/revistaesperanzas.com\/web\/2026\/03\/areas-municipales-buscan-articular-acciones-y-optimizar-recursos\/reunion-salon-acuerdos-agenda-escuelas-3\/\" rel=\"attachment wp-att-146928\"><img loading=\"lazy\" decoding=\"async\" class=\" wp-image-146928 alignright\" src=\"https:\/\/revistaesperanzas.com\/web\/wp-content\/uploads\/2026\/03\/REUNION-SALON-ACUERDOS-AGENDA-ESCUELAS-3.jpg\" alt=\"\" width=\"450\" height=\"300\" \/><\/a> campa\u00f1as, capacitaciones, charlas, apoyo institucional, concurso de educaci\u00f3n vial, programa de dengue, adem\u00e1s de herramientas como seguridad financiera, redes, programaci\u00f3n, entre otras acciones que desarrolla la gesti\u00f3n municipal.<\/p>\n<p style=\"font-weight: 400;\">\u00a0Este espacio, que surge a partir de esta agenda,<a href=\"https:\/\/revistaesperanzas.com\/web\/2026\/03\/areas-municipales-buscan-articular-acciones-y-optimizar-recursos\/reunion-salon-acuerdos-agenda-escuelas-2\/\" rel=\"attachment wp-att-146931\"><img loading=\"lazy\" decoding=\"async\" class=\" wp-image-146931 alignleft\" src=\"https:\/\/revistaesperanzas.com\/web\/wp-content\/uploads\/2026\/03\/REUNION-SALON-ACUERDOS-AGENDA-ESCUELAS-2.jpg\" alt=\"\" width=\"450\" height=\"299\" \/><\/a> permitir\u00e1 articular las acciones, optimizar los recursos y posibilitar una llegada m\u00e1s amplia a la mayor\u00eda de las escuelas.<\/p>\n<p style=\"font-weight: 400;\">De la reuni\u00f3n participaron las siguientes \u00e1reas: Educaci\u00f3n, Gobierno, Desarrollo Humano y Promoci\u00f3n Social, Industria y Comercio, APS, Cultura, Prevenci\u00f3n de Adicciones, Fortalecimiento Familiar, Juventud, Tr\u00e1nsito, Deportes, PRODEGO y Programa Dengue.<\/p>\n","protected":false},"excerpt":{"rendered":"<p>Agenda escolar de ciudad y campo En la ma\u00f1ana del viernes, en el Sal\u00f3n de Acuerdos se reunieron funcionarios de distintas \u00e1reas municipales para avanzar en la agenda de escuelas y colegios en el municipio de Goya, que comprende ciudad y campo. En la oportunidad, explicaron las actividades que se vienen desarrollando, como ser campa\u00f1as, [&hellip;]<\/p>\n","protected":false},"author":4,"featured_media":146926,"comment_status":"closed","ping_status":"closed","sticky":false,"template":"","format":"standard","meta":{"footnotes":""},"categories":[45],"tags":[],"class_list":{"0":"post-146924","1":"post","2":"type-post","3":"status-publish","4":"format-standard","5":"has-post-thumbnail","7":"category-locales"},"_links":{"self":[{"href":"https:\/\/revistaesperanzas.com\/web\/wp-json\/wp\/v2\/posts\/146924","targetHints":{"allow":["GET"]}}],"collection":[{"href":"https:\/\/revistaesperanzas.com\/web\/wp-json\/wp\/v2\/posts"}],"about":[{"href":"https:\/\/revistaesperanzas.com\/web\/wp-json\/wp\/v2\/types\/post"}],"author":[{"embeddable":true,"href":"https:\/\/revistaesperanzas.com\/web\/wp-json\/wp\/v2\/users\/4"}],"replies":[{"embeddable":true,"href":"https:\/\/revistaesperanzas.com\/web\/wp-json\/wp\/v2\/comments?post=146924"}],"version-history":[{"count":2,"href":"https:\/\/revistaesperanzas.com\/web\/wp-json\/wp\/v2\/posts\/146924\/revisions"}],"predecessor-version":[{"id":146933,"href":"https:\/\/revistaesperanzas.com\/web\/wp-json\/wp\/v2\/posts\/146924\/revisions\/146933"}],"wp:featuredmedia":[{"embeddable":true,"href":"https:\/\/revistaesperanzas.com\/web\/wp-json\/wp\/v2\/media\/146926"}],"wp:attachment":[{"href":"https:\/\/revistaesperanzas.com\/web\/wp-json\/wp\/v2\/media?parent=146924"}],"wp:term":[{"taxonomy":"category","embeddable":true,"href":"https:\/\/revistaesperanzas.com\/web\/wp-json\/wp\/v2\/categories?post=146924"},{"taxonomy":"post_tag","embeddable":true,"href":"https:\/\/revistaesperanzas.com\/web\/wp-json\/wp\/v2\/tags?post=146924"}],"curies":[{"name":"wp","href":"https:\/\/api.w.org\/{rel}","templated":true}]}}