{"id":146934,"date":"2026-03-14T08:43:24","date_gmt":"2026-03-14T11:43:24","guid":{"rendered":"https:\/\/revistaesperanzas.com\/web\/?p=146934"},"modified":"2026-03-14T08:43:24","modified_gmt":"2026-03-14T11:43:24","slug":"en-goya-entregaron-mochilas-y-utiles-escolares-a-afiliados","status":"publish","type":"post","link":"https:\/\/revistaesperanzas.com\/web\/2026\/03\/en-goya-entregaron-mochilas-y-utiles-escolares-a-afiliados\/","title":{"rendered":"EN GOYA ENTREGARON MOCHILAS Y \u00daTILES ESCOLARES A AFILIADOS"},"content":{"rendered":"<p style=\"font-weight: 400;\">APC por el interior provincial:<\/p>\n<p style=\"font-weight: 400;\">Este viernes 13, directivos de la Asociaci\u00f3n de Periodistas de Corrientes (APC) estuvieron en la ciudad de Goya, donde se reunieron con integrantes de la delegaci\u00f3n local, periodistas y comunicadores.<\/p>\n<p style=\"font-weight: 400;\">El objetivo del encuentro realizado en la oficina de la Direcci\u00f3n de Prensa de la Municipalidad de Goya fue principalmente establecer una agenda de trabajo para la delegaci\u00f3n local y adelantar novedades acerca de futuras jornadas de capacitaci\u00f3n, as\u00ed como intercambiar ideas y opiniones.<\/p>\n<p style=\"font-weight: 400;\">Asimismo, se acord\u00f3 la visita a la localidad de Paso de la Patria el 28 de marzo pr\u00f3ximo para formar parte de la mesa de di\u00e1logo sobre crisis laboral y salarial, poniendo especial atenci\u00f3n en las modificaciones realizadas a las leyes actuales; esto, en el marco de III Congreso Provincial de Periodistas, Trabajadores de Prensa y de la Comunicaci\u00f3n.<a href=\"https:\/\/revistaesperanzas.com\/web\/2026\/03\/en-goya-entregaron-mochilas-y-utiles-escolares-a-afiliados\/apc-visita-delegaciones-del-interior-y-entrega-mochilas-2\/\" rel=\"attachment wp-att-146936\"><img loading=\"lazy\" decoding=\"async\" class=\"size-full wp-image-146936 aligncenter\" src=\"https:\/\/revistaesperanzas.com\/web\/wp-content\/uploads\/2026\/03\/APC-Visita-delegaciones-del-interior-y-entrega-mochilas-2.jpg\" alt=\"\" width=\"600\" height=\"420\" srcset=\"https:\/\/revistaesperanzas.com\/web\/wp-content\/uploads\/2026\/03\/APC-Visita-delegaciones-del-interior-y-entrega-mochilas-2.jpg 600w, https:\/\/revistaesperanzas.com\/web\/wp-content\/uploads\/2026\/03\/APC-Visita-delegaciones-del-interior-y-entrega-mochilas-2-100x70.jpg 100w\" sizes=\"auto, (max-width: 600px) 100vw, 600px\" \/><\/a>PRESENTES<\/p>\n<p style=\"font-weight: 400;\">Estuvieron el secretario general de APC, Diego Fernando Miner, el tesorero, Atilio Javier Ram\u00edrez, el delegado local Juan Retamar, los colegas periodistas: Jos\u00e9 Luis Paleari, Gabriel Garc\u00eda, Javier Sol\u00eds y el director de Prensa de la Municipalidad de Goya, quien ofici\u00f3 de anfitri\u00f3n, Ra\u00fal Alejandro Medina.<\/p>\n<p style=\"font-weight: 400;\">El licenciado Diego Miner fue puesto al corriente de la actividad gremial del organismo que nuclea y defiende los derechos de los trabajadores de prensa en Goya y de las actividades que se pueden llegar a desarrollar este a\u00f1o como talleres de capacitaci\u00f3n, charlas, debates, conversatorios y reuniones de car\u00e1cter informal.<\/p>\n<p style=\"font-weight: 400;\">La ocasi\u00f3n fue aprovechada adem\u00e1s para hacer entrega de carnet de afiliados, mochilas y \u00fatiles escolares que, desde la comisi\u00f3n directiva, se gestiona para los hijos en edad escolar de los afiliados al sindicato.<\/p>\n<p style=\"font-weight: 400;\">Cabe se\u00f1alar que los directivos estuvieron reunidos en el transcurso de la ma\u00f1ana tambi\u00e9n con delegados y periodistas de las comunas de Saladas y Bella Vista. En horas de la tarde se reunieron con colegas comunicadores del portal sur de la provincia: Esquina.<\/p>\n","protected":false},"excerpt":{"rendered":"<p>APC por el interior provincial: Este viernes 13, directivos de la Asociaci\u00f3n de Periodistas de Corrientes (APC) estuvieron en la ciudad de Goya, donde se reunieron con integrantes de la delegaci\u00f3n local, periodistas y comunicadores. El objetivo del encuentro realizado en la oficina de la Direcci\u00f3n de Prensa de la Municipalidad de Goya fue principalmente [&hellip;]<\/p>\n","protected":false},"author":4,"featured_media":146935,"comment_status":"closed","ping_status":"closed","sticky":false,"template":"","format":"standard","meta":{"footnotes":""},"categories":[45],"tags":[],"class_list":{"0":"post-146934","1":"post","2":"type-post","3":"status-publish","4":"format-standard","5":"has-post-thumbnail","7":"category-locales"},"_links":{"self":[{"href":"https:\/\/revistaesperanzas.com\/web\/wp-json\/wp\/v2\/posts\/146934","targetHints":{"allow":["GET"]}}],"collection":[{"href":"https:\/\/revistaesperanzas.com\/web\/wp-json\/wp\/v2\/posts"}],"about":[{"href":"https:\/\/revistaesperanzas.com\/web\/wp-json\/wp\/v2\/types\/post"}],"author":[{"embeddable":true,"href":"https:\/\/revistaesperanzas.com\/web\/wp-json\/wp\/v2\/users\/4"}],"replies":[{"embeddable":true,"href":"https:\/\/revistaesperanzas.com\/web\/wp-json\/wp\/v2\/comments?post=146934"}],"version-history":[{"count":2,"href":"https:\/\/revistaesperanzas.com\/web\/wp-json\/wp\/v2\/posts\/146934\/revisions"}],"predecessor-version":[{"id":146938,"href":"https:\/\/revistaesperanzas.com\/web\/wp-json\/wp\/v2\/posts\/146934\/revisions\/146938"}],"wp:featuredmedia":[{"embeddable":true,"href":"https:\/\/revistaesperanzas.com\/web\/wp-json\/wp\/v2\/media\/146935"}],"wp:attachment":[{"href":"https:\/\/revistaesperanzas.com\/web\/wp-json\/wp\/v2\/media?parent=146934"}],"wp:term":[{"taxonomy":"category","embeddable":true,"href":"https:\/\/revistaesperanzas.com\/web\/wp-json\/wp\/v2\/categories?post=146934"},{"taxonomy":"post_tag","embeddable":true,"href":"https:\/\/revistaesperanzas.com\/web\/wp-json\/wp\/v2\/tags?post=146934"}],"curies":[{"name":"wp","href":"https:\/\/api.w.org\/{rel}","templated":true}]}}