{"id":146953,"date":"2026-03-14T08:56:48","date_gmt":"2026-03-14T11:56:48","guid":{"rendered":"https:\/\/revistaesperanzas.com\/web\/?p=146953"},"modified":"2026-03-14T08:56:48","modified_gmt":"2026-03-14T11:56:48","slug":"vanesa-baquerin-el-balance-es-buenisimo-es-la-primera-vez-que-competimos-y-aprendimos-mucho","status":"publish","type":"post","link":"https:\/\/revistaesperanzas.com\/web\/2026\/03\/vanesa-baquerin-el-balance-es-buenisimo-es-la-primera-vez-que-competimos-y-aprendimos-mucho\/","title":{"rendered":"VANESA BAQUER\u00cdN: \u201cEL BALANCE ES BUEN\u00cdSIMO. ES LA PRIMERA VEZ QUE COMPETIMOS Y APRENDIMOS MUCHO&#8221;"},"content":{"rendered":"<p class=\"x_MsoNormal\" data-olk-copy-source=\"MessageBody\">Comparsa Arami<\/p>\n<p class=\"x_MsoNormal\">Vanesa Baquer\u00edn, vicepresidente de la comisi\u00f3n de la comparsa Arami, y \u00c1ngela L\u00f3pez, ambas representantes de la agrupaci\u00f3n, brindaron declaraciones radiales en las que hablaron sobre su participaci\u00f3n en los carnavales y sus evaluaciones preliminares.<\/p>\n<p class=\"x_MsoNormal\">A modo de balance respecto de la organizaci\u00f3n, la vicepresidente afirm\u00f3 que \u201ces buen\u00edsimo\u201d, y destac\u00f3 que en esta primera experiencia de competencia \u201cnos dedicamos a aprender y a mejorar. Todo lo que tenemos es conocimiento adquirido para los pr\u00f3ximos a\u00f1os&#8221;, consideraron.<\/p>\n<p class=\"x_MsoNormal\">Tambi\u00e9n el proceso de selecci\u00f3n de los ganadores dej\u00f3 sus ense\u00f1anzas, y respecto a esto \u201chay que buscar una soluci\u00f3n en conjunto con las comparsas, y ese es uno de los puntos que queremos tratar en 2027: tener los reglamentos claros\u201d, expresaron.<\/p>\n<p class=\"x_MsoNormal\">Por ello, y en relaci\u00f3n al mensaje del intendente Mariano Hormaechea de convocar a las comparsas luego de la Fiesta del Surub\u00ed para comenzar a trabajar con vistas al pr\u00f3ximo corso, coment\u00f3 Baquer\u00edn que \u201chay que sentar nuevas bases, pues los carnavales en Goya han crecido\u201d, \u201chay que dar una vuelta de p\u00e1gina\u201d, sugiri\u00f3.<\/p>\n<p class=\"x_MsoNormal\">UN REGLAMENTO M\u00c1S DIN\u00c1MICO<\/p>\n<p class=\"x_MsoNormal\">Respecto al proceso de selecci\u00f3n de los ganadores y la extensi\u00f3n del evento, afirm\u00f3: &#8220;Fueron muchas horas, es algo muy agotador. Para obtener los resultados, se necesitan muchas horas, y eso es mucho. Hay que buscar una soluci\u00f3n en conjunto con las comparsas, y ese es uno de los puntos que queremos tratar en 2027: tener los reglamentos claros\u201d.<\/p>\n<p class=\"x_MsoNormal\">\u201cEl carnaval de Goya creci\u00f3 y el n\u00famero de comparsas en la competencia de igual manera, y no sabemos si en la pr\u00f3xima o siguientes ediciones se incorporar\u00e1n otras comparsas a competir. Por eso, entiendo que debemos buscar una revisi\u00f3n que contemple estas circunstancias\u201d, agreg\u00f3.<\/p>\n<p class=\"x_MsoNormal\">PRESENTE Y FUTURO<\/p>\n<p class=\"x_MsoNormal\">Baquer\u00edn expres\u00f3: &#8220;Arami fue una creaci\u00f3n que no pens\u00e1bamos llegar a tanto. Se inscribieron un n\u00famero importante de personas y nos preguntamos c\u00f3mo llegar a las 120, y luego fue un boom, esta es la realidad de nuestra comparsa\u201d, afirm\u00f3.<\/p>\n<p class=\"x_MsoNormal\">Con lo aprendido este a\u00f1o, la dirigente de la comparsa Arami adelant\u00f3 que para el 2027 &#8220;ya estamos trabajando con el mismo dise\u00f1ador, Leonardo Ram\u00edrez Boll. Terminamos la carpeta de dise\u00f1os, nos reuniremos de nuevo. Estamos armando el orden de las comparsas y cada dise\u00f1o tiene su lugar. Todo lo estamos planificando para que sea m\u00e1s f\u00e1cil, tanto para nosotros como para los bailarines&#8221;.<\/p>\n<p class=\"x_MsoNormal\">SIN DEUDAS<\/p>\n<p class=\"x_MsoNormal\">Tambi\u00e9n, la vicepresidenta inform\u00f3 que la comparsa ha saldado todas sus deudas en forma adelantada.\u00a0Adem\u00e1s, expres\u00f3 el entusiasmo por comenzar a movilizarse: &#8220;Este s\u00e1bado tenemos una reuni\u00f3n de comisi\u00f3n para planificar los eventos del a\u00f1o. Vendemos empanadas durante todo el a\u00f1o, y esa venta ayuda a pagar inscripciones, core\u00f3grafos y alquileres, ya que no contamos con un lugar propio para ensayar. Los gastos son muchos, y los core\u00f3grafos se pagan mes a mes, igual que los alquileres. La organizaci\u00f3n requiere mucho esfuerzo y recursos, pero siempre buscamos sponsors y colaboraciones con la comunidad&#8221;, cont\u00f3 en la entrevista.<\/p>\n<p class=\"x_MsoNormal\">LAS INSCRIPCIONES<\/p>\n<p class=\"x_MsoNormal\">En relaci\u00f3n a las inscripciones de nuevos participantes para la comparsa, Vanesa Baquer\u00edn sostuvo: &#8220;vamos viendo la cantidad de inscriptos. Hasta ahora, solo tenemos 180, que son bailarines. Los chicos de bater\u00eda todav\u00eda no se inscribieron porque no les dimos ese tiempo. Nosotros, como comisi\u00f3n, todav\u00eda no tenemos el tiempo para abrir la inscripci\u00f3n. En estos d\u00edas, comenzaremos a abrir el garage de la sede para seguir inscribiendo&#8221;, concluy\u00f3 la dirigente de Arami, adelantando que la \u201cRevoluci\u00f3n\u201d vendr\u00e1 recargada para la pr\u00f3xima temporada de carnaval.<\/p>\n","protected":false},"excerpt":{"rendered":"<p>Comparsa Arami Vanesa Baquer\u00edn, vicepresidente de la comisi\u00f3n de la comparsa Arami, y \u00c1ngela L\u00f3pez, ambas representantes de la agrupaci\u00f3n, brindaron declaraciones radiales en las que hablaron sobre su participaci\u00f3n en los carnavales y sus evaluaciones preliminares. A modo de balance respecto de la organizaci\u00f3n, la vicepresidente afirm\u00f3 que \u201ces buen\u00edsimo\u201d, y destac\u00f3 que en [&hellip;]<\/p>\n","protected":false},"author":4,"featured_media":146954,"comment_status":"closed","ping_status":"closed","sticky":false,"template":"","format":"standard","meta":{"footnotes":""},"categories":[45],"tags":[],"class_list":{"0":"post-146953","1":"post","2":"type-post","3":"status-publish","4":"format-standard","5":"has-post-thumbnail","7":"category-locales"},"_links":{"self":[{"href":"https:\/\/revistaesperanzas.com\/web\/wp-json\/wp\/v2\/posts\/146953","targetHints":{"allow":["GET"]}}],"collection":[{"href":"https:\/\/revistaesperanzas.com\/web\/wp-json\/wp\/v2\/posts"}],"about":[{"href":"https:\/\/revistaesperanzas.com\/web\/wp-json\/wp\/v2\/types\/post"}],"author":[{"embeddable":true,"href":"https:\/\/revistaesperanzas.com\/web\/wp-json\/wp\/v2\/users\/4"}],"replies":[{"embeddable":true,"href":"https:\/\/revistaesperanzas.com\/web\/wp-json\/wp\/v2\/comments?post=146953"}],"version-history":[{"count":1,"href":"https:\/\/revistaesperanzas.com\/web\/wp-json\/wp\/v2\/posts\/146953\/revisions"}],"predecessor-version":[{"id":146955,"href":"https:\/\/revistaesperanzas.com\/web\/wp-json\/wp\/v2\/posts\/146953\/revisions\/146955"}],"wp:featuredmedia":[{"embeddable":true,"href":"https:\/\/revistaesperanzas.com\/web\/wp-json\/wp\/v2\/media\/146954"}],"wp:attachment":[{"href":"https:\/\/revistaesperanzas.com\/web\/wp-json\/wp\/v2\/media?parent=146953"}],"wp:term":[{"taxonomy":"category","embeddable":true,"href":"https:\/\/revistaesperanzas.com\/web\/wp-json\/wp\/v2\/categories?post=146953"},{"taxonomy":"post_tag","embeddable":true,"href":"https:\/\/revistaesperanzas.com\/web\/wp-json\/wp\/v2\/tags?post=146953"}],"curies":[{"name":"wp","href":"https:\/\/api.w.org\/{rel}","templated":true}]}}