{"id":146960,"date":"2026-03-15T11:05:43","date_gmt":"2026-03-15T14:05:43","guid":{"rendered":"https:\/\/revistaesperanzas.com\/web\/?p=146960"},"modified":"2026-03-15T11:05:43","modified_gmt":"2026-03-15T14:05:43","slug":"el-intendente-hormaechea-impulsa-el-crecimiento-tecnologico-de-goya-a-traves-de-la-articulacion-publica-privada","status":"publish","type":"post","link":"https:\/\/revistaesperanzas.com\/web\/2026\/03\/el-intendente-hormaechea-impulsa-el-crecimiento-tecnologico-de-goya-a-traves-de-la-articulacion-publica-privada\/","title":{"rendered":"EL INTENDENTE HORMAECHEA IMPULSA EL CRECIMIENTO TECNOL\u00d3GICO DE GOYA A TRAV\u00c9S DE LA ARTICULACI\u00d3N P\u00daBLICA-PRIVADA"},"content":{"rendered":"<p style=\"font-weight: 400;\">El intendente Mariano Hormaechea contin\u00faa fortaleciendo los pilares de su gesti\u00f3n \u2014Modernizaci\u00f3n, Inclusi\u00f3n y Desarrollo\u2014 mediante proyectos que vinculan el Parque Tecnol\u00f3gico con el sistema educativo y el sector empresarial.<\/p>\n<p style=\"font-weight: 400;\">En una jornada de trabajo clave para el futuro productivo de la ciudad, el secretario de Modernizaci\u00f3n, Innovaci\u00f3n y Desarrollo Tecnol\u00f3gico, Cr. Andr\u00e9s Zajarevich, recibi\u00f3 este<a href=\"https:\/\/revistaesperanzas.com\/web\/2026\/03\/el-intendente-hormaechea-impulsa-el-crecimiento-tecnologico-de-goya-a-traves-de-la-articulacion-publica-privada\/1-12\/\" rel=\"attachment wp-att-146962\"><img loading=\"lazy\" decoding=\"async\" class=\" wp-image-146962 alignleft\" src=\"https:\/\/revistaesperanzas.com\/web\/wp-content\/uploads\/2026\/03\/1.jpeg\" alt=\"\" width=\"500\" height=\"342\" srcset=\"https:\/\/revistaesperanzas.com\/web\/wp-content\/uploads\/2026\/03\/1.jpeg 600w, https:\/\/revistaesperanzas.com\/web\/wp-content\/uploads\/2026\/03\/1-218x150.jpeg 218w\" sizes=\"auto, (max-width: 500px) 100vw, 500px\" \/><\/a> viernes en la Usina del Conocimiento al presidente del Cl\u00faster Tecnol\u00f3gico Goya, Mariano Pizzio. El encuentro, que cont\u00f3 con la participaci\u00f3n del equipo t\u00e9cnico del \u00e1rea, tuvo como eje central coordinar acciones conjuntas para potenciar el ecosistema digital local.<\/p>\n<p style=\"font-weight: 400;\">Esta l\u00ednea de acci\u00f3n responde directamente a la visi\u00f3n estrat\u00e9gica del intendente Dr. Mariano Hormaechea, quien promueve la modernizaci\u00f3n como una herramienta transversal para generar desarrollo genuino. En este sentido, la reuni\u00f3n abord\u00f3 dos objetivos prioritarios: el avance del proyecto de loteo del Parque Tecnol\u00f3gico y la integraci\u00f3n del sector educativo con las demandas actuales de la econom\u00eda del conocimiento.<\/p>\n<p style=\"font-weight: 400;\">Un espacio para la inversi\u00f3n y el empleo.<\/p>\n<p style=\"font-weight: 400;\">La planificaci\u00f3n del loteo del Parque Tecnol\u00f3gico representa un paso fundamental para brindar la infraestructura necesaria a las empresas que deseen radicarse en Goya.<\/p>\n<p style=\"font-weight: 400;\">Esta iniciativa no solo busca posicionar a la ciudad como un polo de referencia regional, sino tambi\u00e9n generar empleo de calidad para los goyanos.<\/p>\n<p style=\"font-weight: 400;\">Desde la Secretar\u00eda de Modernizaci\u00f3n destacaron que la articulaci\u00f3n p\u00fablica &#8211; privada es la metodolog\u00eda esencial para dotar de sostenibilidad a estos proyectos. El trabajo en equipo con el Cl\u00faster nos permite alinear las pol\u00edticas p\u00fablicas con las necesidades reales del sector privado, creando un ambiente propicio para la inversi\u00f3n y la innovaci\u00f3n\u201d se\u00f1alaron.<\/p>\n<p style=\"font-weight: 400;\">Vinculaci\u00f3n con el talento local.<a href=\"https:\/\/revistaesperanzas.com\/web\/2026\/03\/el-intendente-hormaechea-impulsa-el-crecimiento-tecnologico-de-goya-a-traves-de-la-articulacion-publica-privada\/3-7\/\" rel=\"attachment wp-att-146963\"><img loading=\"lazy\" decoding=\"async\" class=\" wp-image-146963 alignright\" src=\"https:\/\/revistaesperanzas.com\/web\/wp-content\/uploads\/2026\/03\/3.jpeg\" alt=\"\" width=\"500\" height=\"342\" srcset=\"https:\/\/revistaesperanzas.com\/web\/wp-content\/uploads\/2026\/03\/3.jpeg 600w, https:\/\/revistaesperanzas.com\/web\/wp-content\/uploads\/2026\/03\/3-218x150.jpeg 218w\" sizes=\"auto, (max-width: 500px) 100vw, 500px\" \/><\/a><\/p>\n<p style=\"font-weight: 400;\">Otro de los puntos destacados fue la potenciaci\u00f3n del v\u00ednculo con el sector educativo en todos sus niveles. La meta de la gesti\u00f3n municipal es crear puentes directos entre los j\u00f3venes estudiantes y las empresas tecnol\u00f3gicas, asegurando que la formaci\u00f3n acad\u00e9mica responda de manera efectiva a los desaf\u00edos laborales del futuro.<\/p>\n<p style=\"font-weight: 400;\">Con estas acciones, la gesti\u00f3n del intendente Mariano Hormaechea reafirma su compromiso de seguir construyendo una Goya moderna e inclusiva, transformando el desarrollo tecnol\u00f3gico en una oportunidad real de crecimiento y progreso para cada vecino.<\/p>\n","protected":false},"excerpt":{"rendered":"<p>El intendente Mariano Hormaechea contin\u00faa fortaleciendo los pilares de su gesti\u00f3n \u2014Modernizaci\u00f3n, Inclusi\u00f3n y Desarrollo\u2014 mediante proyectos que vinculan el Parque Tecnol\u00f3gico con el sistema educativo y el sector empresarial. En una jornada de trabajo clave para el futuro productivo de la ciudad, el secretario de Modernizaci\u00f3n, Innovaci\u00f3n y Desarrollo Tecnol\u00f3gico, Cr. Andr\u00e9s Zajarevich, recibi\u00f3 [&hellip;]<\/p>\n","protected":false},"author":4,"featured_media":146961,"comment_status":"closed","ping_status":"closed","sticky":false,"template":"","format":"standard","meta":{"footnotes":""},"categories":[45],"tags":[],"class_list":{"0":"post-146960","1":"post","2":"type-post","3":"status-publish","4":"format-standard","5":"has-post-thumbnail","7":"category-locales"},"_links":{"self":[{"href":"https:\/\/revistaesperanzas.com\/web\/wp-json\/wp\/v2\/posts\/146960","targetHints":{"allow":["GET"]}}],"collection":[{"href":"https:\/\/revistaesperanzas.com\/web\/wp-json\/wp\/v2\/posts"}],"about":[{"href":"https:\/\/revistaesperanzas.com\/web\/wp-json\/wp\/v2\/types\/post"}],"author":[{"embeddable":true,"href":"https:\/\/revistaesperanzas.com\/web\/wp-json\/wp\/v2\/users\/4"}],"replies":[{"embeddable":true,"href":"https:\/\/revistaesperanzas.com\/web\/wp-json\/wp\/v2\/comments?post=146960"}],"version-history":[{"count":2,"href":"https:\/\/revistaesperanzas.com\/web\/wp-json\/wp\/v2\/posts\/146960\/revisions"}],"predecessor-version":[{"id":146965,"href":"https:\/\/revistaesperanzas.com\/web\/wp-json\/wp\/v2\/posts\/146960\/revisions\/146965"}],"wp:featuredmedia":[{"embeddable":true,"href":"https:\/\/revistaesperanzas.com\/web\/wp-json\/wp\/v2\/media\/146961"}],"wp:attachment":[{"href":"https:\/\/revistaesperanzas.com\/web\/wp-json\/wp\/v2\/media?parent=146960"}],"wp:term":[{"taxonomy":"category","embeddable":true,"href":"https:\/\/revistaesperanzas.com\/web\/wp-json\/wp\/v2\/categories?post=146960"},{"taxonomy":"post_tag","embeddable":true,"href":"https:\/\/revistaesperanzas.com\/web\/wp-json\/wp\/v2\/tags?post=146960"}],"curies":[{"name":"wp","href":"https:\/\/api.w.org\/{rel}","templated":true}]}}