{"id":146966,"date":"2026-03-15T11:10:08","date_gmt":"2026-03-15T14:10:08","guid":{"rendered":"https:\/\/revistaesperanzas.com\/web\/?p=146966"},"modified":"2026-03-15T11:10:08","modified_gmt":"2026-03-15T14:10:08","slug":"la-gestion-del-director-raul-martinez-en-el-hospital-regional-cumple-diez-anos","status":"publish","type":"post","link":"https:\/\/revistaesperanzas.com\/web\/2026\/03\/la-gestion-del-director-raul-martinez-en-el-hospital-regional-cumple-diez-anos\/","title":{"rendered":"LA GESTI\u00d3N DEL DIRECTOR RA\u00daL MART\u00cdNEZ EN EL HOSPITAL REGIONAL CUMPLE DIEZ A\u00d1OS"},"content":{"rendered":"<p style=\"font-weight: 400;\">El director del hospital regional, Ra\u00fal Mart\u00ednez, anunci\u00f3 que en 2026 se cumplir\u00e1n 10 a\u00f1os de gesti\u00f3n conjunta con el tambi\u00e9n m\u00e9dico y director asociado, Sergio Sosa, y que est\u00e1n preparando un informe con cifras que reflejan la magnitud del trabajo realizado en estos a\u00f1os, incluyendo la incorporaci\u00f3n del Hospital \u00c1ngel de la Guarda en pediatr\u00eda. &#8220;Veremos si la pr\u00f3xima semana se lo contamos a la gente&#8221;, anticip\u00f3 Mart\u00ednez.<\/p>\n<p style=\"font-weight: 400;\">El funcionario destac\u00f3 que estos logros se alcanzaron en medio de una pandemia, en un contexto de crisis econ\u00f3mica que afecta a toda la poblaci\u00f3n. &#8220;Hoy estamos en una situaci\u00f3n econ\u00f3mica complicada, nadie escapa a la realidad en la que estamos, con una inflaci\u00f3n importante y una crisis que afecta a todos&#8221;, expres\u00f3.<a href=\"https:\/\/revistaesperanzas.com\/web\/2026\/03\/la-gestion-del-director-raul-martinez-en-el-hospital-regional-cumple-diez-anos\/10-anos-de-gestion-direccion-hrg-ilustracion-1\/\" rel=\"attachment wp-att-146968\"><img loading=\"lazy\" decoding=\"async\" class=\"alignnone  wp-image-146968\" src=\"https:\/\/revistaesperanzas.com\/web\/wp-content\/uploads\/2026\/03\/10-anos-de-gestion-direccion-HRG-ilustracion-1.jpg\" alt=\"\" width=\"697\" height=\"476\" srcset=\"https:\/\/revistaesperanzas.com\/web\/wp-content\/uploads\/2026\/03\/10-anos-de-gestion-direccion-HRG-ilustracion-1.jpg 600w, https:\/\/revistaesperanzas.com\/web\/wp-content\/uploads\/2026\/03\/10-anos-de-gestion-direccion-HRG-ilustracion-1-218x150.jpg 218w\" sizes=\"auto, (max-width: 697px) 100vw, 697px\" \/><\/a><\/p>\n<p style=\"font-weight: 400;\">Ra\u00fal Mart\u00ednez explic\u00f3 que, como consecuencia del aumento en la p\u00e9rdida de empleo y cobertura social, cada vez m\u00e1s personas acuden al hospital, que no siempre est\u00e1 preparado para atender tantas complejidades. &#8220;Muchas veces estamos en esas dificultades, pero eso no quiere decir que no estemos trabajando para resolverlas. D\u00eda a d\u00eda, hacemos esfuerzos para cubrir las necesidades y atender a la poblaci\u00f3n&#8221;, indic\u00f3.<\/p>\n<p style=\"font-weight: 400;\">El director del hospital resalt\u00f3 que en el \u00faltimo a\u00f1o el laboratorio central y el de microbiolog\u00eda atendieron a m\u00e1s de 130.000 personas, un n\u00famero que, si se monetiza, refleja la gran carga de trabajo del hospital. Mart\u00ednez aclar\u00f3 que, en los meses de enero y febrero, enfrentaron problemas t\u00e9cnicos en los laboratorios que los obligaron a restringir la atenci\u00f3n a pacientes ambulatorios y priorizar las urgencias. \u201cEsto sucede todo el tiempo, y por eso hablamos de las dificultades que enfrentamos en el contexto econ\u00f3mico actual\u201d, coment\u00f3.<\/p>\n<p style=\"font-weight: 400;\">Mart\u00ednez afirm\u00f3: &#8220;A pesar de las dificultades, seguimos haciendo todo lo posible para brindar la mejor atenci\u00f3n posible. La demanda crece y los recursos son limitados, pero nuestro compromiso es seguir trabajando para mejorar cada d\u00eda&#8221;.<\/p>\n<p style=\"font-weight: 400;\">El director tambi\u00e9n mencion\u00f3 que la actividad en cirug\u00edas se ha ralentizado, y que hay inconvenientes por cirug\u00edas programadas, por lo que se priorizan las urgencias.<\/p>\n<p style=\"font-weight: 400;\">\u201cVenimos de un per\u00edodo de vacaciones, las personas del servicio del hospital necesitan tomarse descanso. La actividad en cirug\u00eda se ralentiza y hay inconvenientes por cirug\u00edas programadas, por lo que priorizamos las urgencias. Todas estas dificultades no significan que no estemos haciendo todo lo posible por resolverlas. La cantidad de atenci\u00f3n que brindamos es grande: atendemos a mucha gente con cobertura social y tambi\u00e9n a quienes no la tienen, lo que genera un impacto en los recursos. Siempre aparecen cr\u00edticas, pero seguimos trabajando con compromiso\u201d, concluy\u00f3 el director del hospital.<\/p>\n","protected":false},"excerpt":{"rendered":"<p>El director del hospital regional, Ra\u00fal Mart\u00ednez, anunci\u00f3 que en 2026 se cumplir\u00e1n 10 a\u00f1os de gesti\u00f3n conjunta con el tambi\u00e9n m\u00e9dico y director asociado, Sergio Sosa, y que est\u00e1n preparando un informe con cifras que reflejan la magnitud del trabajo realizado en estos a\u00f1os, incluyendo la incorporaci\u00f3n del Hospital \u00c1ngel de la Guarda en [&hellip;]<\/p>\n","protected":false},"author":4,"featured_media":146967,"comment_status":"closed","ping_status":"closed","sticky":false,"template":"","format":"standard","meta":{"footnotes":""},"categories":[45],"tags":[],"class_list":{"0":"post-146966","1":"post","2":"type-post","3":"status-publish","4":"format-standard","5":"has-post-thumbnail","7":"category-locales"},"_links":{"self":[{"href":"https:\/\/revistaesperanzas.com\/web\/wp-json\/wp\/v2\/posts\/146966","targetHints":{"allow":["GET"]}}],"collection":[{"href":"https:\/\/revistaesperanzas.com\/web\/wp-json\/wp\/v2\/posts"}],"about":[{"href":"https:\/\/revistaesperanzas.com\/web\/wp-json\/wp\/v2\/types\/post"}],"author":[{"embeddable":true,"href":"https:\/\/revistaesperanzas.com\/web\/wp-json\/wp\/v2\/users\/4"}],"replies":[{"embeddable":true,"href":"https:\/\/revistaesperanzas.com\/web\/wp-json\/wp\/v2\/comments?post=146966"}],"version-history":[{"count":2,"href":"https:\/\/revistaesperanzas.com\/web\/wp-json\/wp\/v2\/posts\/146966\/revisions"}],"predecessor-version":[{"id":146970,"href":"https:\/\/revistaesperanzas.com\/web\/wp-json\/wp\/v2\/posts\/146966\/revisions\/146970"}],"wp:featuredmedia":[{"embeddable":true,"href":"https:\/\/revistaesperanzas.com\/web\/wp-json\/wp\/v2\/media\/146967"}],"wp:attachment":[{"href":"https:\/\/revistaesperanzas.com\/web\/wp-json\/wp\/v2\/media?parent=146966"}],"wp:term":[{"taxonomy":"category","embeddable":true,"href":"https:\/\/revistaesperanzas.com\/web\/wp-json\/wp\/v2\/categories?post=146966"},{"taxonomy":"post_tag","embeddable":true,"href":"https:\/\/revistaesperanzas.com\/web\/wp-json\/wp\/v2\/tags?post=146966"}],"curies":[{"name":"wp","href":"https:\/\/api.w.org\/{rel}","templated":true}]}}