{"id":146974,"date":"2026-03-15T11:26:43","date_gmt":"2026-03-15T14:26:43","guid":{"rendered":"https:\/\/revistaesperanzas.com\/web\/?p=146974"},"modified":"2026-03-15T11:26:43","modified_gmt":"2026-03-15T14:26:43","slug":"cuidemos-el-agua-y-el-rio-y-proyecto-mejor-ambiente-vida","status":"publish","type":"post","link":"https:\/\/revistaesperanzas.com\/web\/2026\/03\/cuidemos-el-agua-y-el-rio-y-proyecto-mejor-ambiente-vida\/","title":{"rendered":"CUIDEMOS EL AGUA Y EL R\u00cdO Y PROYECTO \u201c&#8221;MEJOR AMBIENTE +  VIDA&#8221;"},"content":{"rendered":"<p style=\"font-weight: 400;\">El pr\u00f3ximo mi\u00e9rcoles 18 de marzo a las 20 horas, en la sede del Club de Leones Goya se firmar\u00e1n los convenios con el prop\u00f3sito de cuidar el agua y el ambiente, como base fundamental para proteger la vida.<a href=\"https:\/\/revistaesperanzas.com\/web\/2026\/03\/cuidemos-el-agua-y-el-rio-y-proyecto-mejor-ambiente-vida\/whatsapp-image-2026-03-14-at-15-14-29-1\/\" rel=\"attachment wp-att-146976\"><img loading=\"lazy\" decoding=\"async\" class=\"size-full wp-image-146976 aligncenter\" src=\"https:\/\/revistaesperanzas.com\/web\/wp-content\/uploads\/2026\/03\/WhatsApp-Image-2026-03-14-at-15.14.29-1.jpeg\" alt=\"\" width=\"600\" height=\"450\" srcset=\"https:\/\/revistaesperanzas.com\/web\/wp-content\/uploads\/2026\/03\/WhatsApp-Image-2026-03-14-at-15.14.29-1.jpeg 600w, https:\/\/revistaesperanzas.com\/web\/wp-content\/uploads\/2026\/03\/WhatsApp-Image-2026-03-14-at-15.14.29-1-560x420.jpeg 560w, https:\/\/revistaesperanzas.com\/web\/wp-content\/uploads\/2026\/03\/WhatsApp-Image-2026-03-14-at-15.14.29-1-80x60.jpeg 80w, https:\/\/revistaesperanzas.com\/web\/wp-content\/uploads\/2026\/03\/WhatsApp-Image-2026-03-14-at-15.14.29-1-265x198.jpeg 265w\" sizes=\"auto, (max-width: 600px) 100vw, 600px\" \/><\/a><\/p>\n<p style=\"font-weight: 400;\">Es de destacar que los actores m\u00e1s relevantes son la Municipalidad de Goya y la Comisi\u00f3n Municipal de Pesca \u201c<a href=\"http:\/\/co.mu.pe\/\" data-saferedirecturl=\"https:\/\/www.google.com\/url?q=http:\/\/CO.MU.PE&amp;source=gmail&amp;ust=1773667954480000&amp;usg=AOvVaw2Tvj1Qtn6LIXajUNbI3Sfk\">CO.MU.PE<\/a>&#8221; que se comprometen como todos los a\u00f1os a apoyar y promover nuestros Proyectos.<\/p>\n<p style=\"font-weight: 400;\">CUIDEMOS EL AGUA Y EL R\u00cdO<\/p>\n<p style=\"font-weight: 400;\">En esta oportunidad el proyecto ser\u00e1 suscripto por el Instituto Superior de Formaci\u00f3n Docente \u201cDr. Daniel Lesteime\u201d, junto a los clubes que colaboran desde el inicio con el Proyecto oficiando como puntos de recepci\u00f3n de la basura producida durante la Pesca: Club Atl\u00e9tico Central Goya, el Centro Social y Deportivo Juventud Unida, N\u00e1utica N\u00fa\u00f1ez, La firma Scheler y CIA S.A concesionaria en Goya de Honda Motor de Argentina y en Acta Acuerdo el Centro Regional Universitario Goya de la UNNE.<a href=\"https:\/\/revistaesperanzas.com\/web\/2026\/03\/cuidemos-el-agua-y-el-rio-y-proyecto-mejor-ambiente-vida\/whatsapp-image-2026-03-14-at-15-14-29-2\/\" rel=\"attachment wp-att-146977\"><img loading=\"lazy\" decoding=\"async\" class=\"size-full wp-image-146977 aligncenter\" src=\"https:\/\/revistaesperanzas.com\/web\/wp-content\/uploads\/2026\/03\/WhatsApp-Image-2026-03-14-at-15.14.29-2.jpeg\" alt=\"\" width=\"600\" height=\"450\" srcset=\"https:\/\/revistaesperanzas.com\/web\/wp-content\/uploads\/2026\/03\/WhatsApp-Image-2026-03-14-at-15.14.29-2.jpeg 600w, https:\/\/revistaesperanzas.com\/web\/wp-content\/uploads\/2026\/03\/WhatsApp-Image-2026-03-14-at-15.14.29-2-560x420.jpeg 560w, https:\/\/revistaesperanzas.com\/web\/wp-content\/uploads\/2026\/03\/WhatsApp-Image-2026-03-14-at-15.14.29-2-80x60.jpeg 80w, https:\/\/revistaesperanzas.com\/web\/wp-content\/uploads\/2026\/03\/WhatsApp-Image-2026-03-14-at-15.14.29-2-265x198.jpeg 265w\" sizes=\"auto, (max-width: 600px) 100vw, 600px\" \/><\/a>&#8220;MEJOR AMBIENTE\u00a0+\u00a0 VIDA&#8221;<\/p>\n<p style=\"font-weight: 400;\">Este proyecto contar\u00e1 con el aporte de los firmantes del otro proyecto, y en Carta Acuerdo con el aporte de la Agencia Regional Goya del Instituto Nacional de Tecnolog\u00eda Agropecuaria, la Asociaci\u00f3n \u201cSCOUTS DE ARGENTINA\u201d Nuestra Se\u00f1ora del Rosario en Goya.<\/p>\n<p style=\"font-weight: 400;\">En este sentido el Club de Leones Goya, impulsor de estas iniciativas, espera la adhesi\u00f3n y aporte de otras instituciones, en especial de las Barras Pesqueras, amantes de la naturaleza.<a href=\"https:\/\/revistaesperanzas.com\/web\/2026\/03\/cuidemos-el-agua-y-el-rio-y-proyecto-mejor-ambiente-vida\/whatsapp-image-2026-03-14-at-15-14-30-1\/\" rel=\"attachment wp-att-146979\"><img loading=\"lazy\" decoding=\"async\" class=\"size-full wp-image-146979 aligncenter\" src=\"https:\/\/revistaesperanzas.com\/web\/wp-content\/uploads\/2026\/03\/WhatsApp-Image-2026-03-14-at-15.14.30-1.jpeg\" alt=\"\" width=\"600\" height=\"450\" srcset=\"https:\/\/revistaesperanzas.com\/web\/wp-content\/uploads\/2026\/03\/WhatsApp-Image-2026-03-14-at-15.14.30-1.jpeg 600w, https:\/\/revistaesperanzas.com\/web\/wp-content\/uploads\/2026\/03\/WhatsApp-Image-2026-03-14-at-15.14.30-1-560x420.jpeg 560w, https:\/\/revistaesperanzas.com\/web\/wp-content\/uploads\/2026\/03\/WhatsApp-Image-2026-03-14-at-15.14.30-1-80x60.jpeg 80w, https:\/\/revistaesperanzas.com\/web\/wp-content\/uploads\/2026\/03\/WhatsApp-Image-2026-03-14-at-15.14.30-1-265x198.jpeg 265w\" sizes=\"auto, (max-width: 600px) 100vw, 600px\" \/><\/a>El Club de Leones, reconoce y destaca el aporte de los actores m\u00e1s relevantes, la Municipalidad de Goya y la Comisi\u00f3n Municipal de Pesca\u00a0<a href=\"http:\/\/co.mu.pe\/\" data-saferedirecturl=\"https:\/\/www.google.com\/url?q=http:\/\/CO.MU.PE&amp;source=gmail&amp;ust=1773667954480000&amp;usg=AOvVaw2Tvj1Qtn6LIXajUNbI3Sfk\">CO.MU.PE<\/a>, que renuevan el compromiso de apoyar y promover nuestros Proyectos.<\/p>\n<p style=\"font-weight: 400;\">En la invitaci\u00f3n cursada desde la entidad de servicios, su presidente Mirta Zone, su Secretaria Teresa Rugolotto y la Coordinadora de la Comisi\u00f3n de Ecolog\u00eda y Ambiente del Club de Leones: Marta Reyes Letellier, destacan los puntos salientes de los objetivos de cada uno de estos proyectos:<\/p>\n<ol>\n<li style=\"font-weight: 400;\">El Proyecto CUIDEMOS EL AGUA Y EL R\u00cdO aporta su trabajo y difusi\u00f3n durante el desarrollo de la FIESTA NACIONAL DEL SURUB\u00cd y constituye ya un acontecimiento que desarrolla su trabajo entre los pescadores y p\u00fablico en general que participa de este evento.<\/li>\n<li style=\"font-weight: 400;\">PROYECTO \u201cMEJOR AMBIENTE +VIDA\u201d se desarrollar\u00e1 en Jornadas de Capacitaci\u00f3n a Docentes, Alumnos y p\u00fablico en general<a href=\"https:\/\/revistaesperanzas.com\/web\/2026\/03\/cuidemos-el-agua-y-el-rio-y-proyecto-mejor-ambiente-vida\/whatsapp-image-2026-03-14-at-15-14-30\/\" rel=\"attachment wp-att-146980\"><img loading=\"lazy\" decoding=\"async\" class=\"alignnone size-full wp-image-146980\" src=\"https:\/\/revistaesperanzas.com\/web\/wp-content\/uploads\/2026\/03\/WhatsApp-Image-2026-03-14-at-15.14.30.jpeg\" alt=\"\" width=\"600\" height=\"450\" srcset=\"https:\/\/revistaesperanzas.com\/web\/wp-content\/uploads\/2026\/03\/WhatsApp-Image-2026-03-14-at-15.14.30.jpeg 600w, https:\/\/revistaesperanzas.com\/web\/wp-content\/uploads\/2026\/03\/WhatsApp-Image-2026-03-14-at-15.14.30-560x420.jpeg 560w, https:\/\/revistaesperanzas.com\/web\/wp-content\/uploads\/2026\/03\/WhatsApp-Image-2026-03-14-at-15.14.30-80x60.jpeg 80w, https:\/\/revistaesperanzas.com\/web\/wp-content\/uploads\/2026\/03\/WhatsApp-Image-2026-03-14-at-15.14.30-265x198.jpeg 265w\" sizes=\"auto, (max-width: 600px) 100vw, 600px\" \/><\/a><\/li>\n<\/ol>\n<p style=\"font-weight: 400;\">Con el compromiso de cuidar el agua y el ambiente, se invita a la firma de estos acuerdos, el pr\u00f3ximo mi\u00e9rcoles 18 de marzo, a las 20 horas, en la sede del Club de Leones Goya, calle Espa\u00f1a 254.<\/p>\n","protected":false},"excerpt":{"rendered":"<p>El pr\u00f3ximo mi\u00e9rcoles 18 de marzo a las 20 horas, en la sede del Club de Leones Goya se firmar\u00e1n los convenios con el prop\u00f3sito de cuidar el agua y el ambiente, como base fundamental para proteger la vida. Es de destacar que los actores m\u00e1s relevantes son la Municipalidad de Goya y la Comisi\u00f3n [&hellip;]<\/p>\n","protected":false},"author":4,"featured_media":146975,"comment_status":"closed","ping_status":"closed","sticky":false,"template":"","format":"standard","meta":{"footnotes":""},"categories":[45],"tags":[],"class_list":{"0":"post-146974","1":"post","2":"type-post","3":"status-publish","4":"format-standard","5":"has-post-thumbnail","7":"category-locales"},"_links":{"self":[{"href":"https:\/\/revistaesperanzas.com\/web\/wp-json\/wp\/v2\/posts\/146974","targetHints":{"allow":["GET"]}}],"collection":[{"href":"https:\/\/revistaesperanzas.com\/web\/wp-json\/wp\/v2\/posts"}],"about":[{"href":"https:\/\/revistaesperanzas.com\/web\/wp-json\/wp\/v2\/types\/post"}],"author":[{"embeddable":true,"href":"https:\/\/revistaesperanzas.com\/web\/wp-json\/wp\/v2\/users\/4"}],"replies":[{"embeddable":true,"href":"https:\/\/revistaesperanzas.com\/web\/wp-json\/wp\/v2\/comments?post=146974"}],"version-history":[{"count":2,"href":"https:\/\/revistaesperanzas.com\/web\/wp-json\/wp\/v2\/posts\/146974\/revisions"}],"predecessor-version":[{"id":146982,"href":"https:\/\/revistaesperanzas.com\/web\/wp-json\/wp\/v2\/posts\/146974\/revisions\/146982"}],"wp:featuredmedia":[{"embeddable":true,"href":"https:\/\/revistaesperanzas.com\/web\/wp-json\/wp\/v2\/media\/146975"}],"wp:attachment":[{"href":"https:\/\/revistaesperanzas.com\/web\/wp-json\/wp\/v2\/media?parent=146974"}],"wp:term":[{"taxonomy":"category","embeddable":true,"href":"https:\/\/revistaesperanzas.com\/web\/wp-json\/wp\/v2\/categories?post=146974"},{"taxonomy":"post_tag","embeddable":true,"href":"https:\/\/revistaesperanzas.com\/web\/wp-json\/wp\/v2\/tags?post=146974"}],"curies":[{"name":"wp","href":"https:\/\/api.w.org\/{rel}","templated":true}]}}