{"id":146984,"date":"2026-03-15T21:03:06","date_gmt":"2026-03-16T00:03:06","guid":{"rendered":"https:\/\/revistaesperanzas.com\/web\/?p=146984"},"modified":"2026-03-15T21:03:06","modified_gmt":"2026-03-16T00:03:06","slug":"lunes-a-las-1000-horas-mujeres-que-inspiran","status":"publish","type":"post","link":"https:\/\/revistaesperanzas.com\/web\/2026\/03\/lunes-a-las-1000-horas-mujeres-que-inspiran\/","title":{"rendered":"Lunes a las 10,00 horas: MUJERES QUE INSPIRAN"},"content":{"rendered":"<p style=\"font-weight: 400;\">Este lunes 16 de marzo, en el patio central del edificio municipal se efectuar\u00e1 el reconocimiento a mujeres que inspiran.<\/p>\n<p style=\"font-weight: 400;\">Este primer acto de distinciones a mujeres destacadas en distintas \u00e1reas.<\/p>\n<p style=\"font-weight: 400;\">La iniciativa, impulsada por la gesti\u00f3n municipal, busca homenajear a aquellas que inspiran con su trabajo, iniciativa y trayectoria, en un mes que tradicionalmente se dedica a la mujer.<\/p>\n<p style=\"font-weight: 400;\">La ceremonia tendr\u00e1 lugar en el patio municipal a las 10 horas, y forma parte de una serie de acciones con el objetivo de promover el rol femenino, visibilizando y valorando la labor de las mujeres en nuestra sociedad.<\/p>\n","protected":false},"excerpt":{"rendered":"<p>Este lunes 16 de marzo, en el patio central del edificio municipal se efectuar\u00e1 el reconocimiento a mujeres que inspiran. Este primer acto de distinciones a mujeres destacadas en distintas \u00e1reas. La iniciativa, impulsada por la gesti\u00f3n municipal, busca homenajear a aquellas que inspiran con su trabajo, iniciativa y trayectoria, en un mes que tradicionalmente [&hellip;]<\/p>\n","protected":false},"author":4,"featured_media":146985,"comment_status":"closed","ping_status":"closed","sticky":false,"template":"","format":"standard","meta":{"footnotes":""},"categories":[45],"tags":[],"class_list":{"0":"post-146984","1":"post","2":"type-post","3":"status-publish","4":"format-standard","5":"has-post-thumbnail","7":"category-locales"},"_links":{"self":[{"href":"https:\/\/revistaesperanzas.com\/web\/wp-json\/wp\/v2\/posts\/146984","targetHints":{"allow":["GET"]}}],"collection":[{"href":"https:\/\/revistaesperanzas.com\/web\/wp-json\/wp\/v2\/posts"}],"about":[{"href":"https:\/\/revistaesperanzas.com\/web\/wp-json\/wp\/v2\/types\/post"}],"author":[{"embeddable":true,"href":"https:\/\/revistaesperanzas.com\/web\/wp-json\/wp\/v2\/users\/4"}],"replies":[{"embeddable":true,"href":"https:\/\/revistaesperanzas.com\/web\/wp-json\/wp\/v2\/comments?post=146984"}],"version-history":[{"count":1,"href":"https:\/\/revistaesperanzas.com\/web\/wp-json\/wp\/v2\/posts\/146984\/revisions"}],"predecessor-version":[{"id":146986,"href":"https:\/\/revistaesperanzas.com\/web\/wp-json\/wp\/v2\/posts\/146984\/revisions\/146986"}],"wp:featuredmedia":[{"embeddable":true,"href":"https:\/\/revistaesperanzas.com\/web\/wp-json\/wp\/v2\/media\/146985"}],"wp:attachment":[{"href":"https:\/\/revistaesperanzas.com\/web\/wp-json\/wp\/v2\/media?parent=146984"}],"wp:term":[{"taxonomy":"category","embeddable":true,"href":"https:\/\/revistaesperanzas.com\/web\/wp-json\/wp\/v2\/categories?post=146984"},{"taxonomy":"post_tag","embeddable":true,"href":"https:\/\/revistaesperanzas.com\/web\/wp-json\/wp\/v2\/tags?post=146984"}],"curies":[{"name":"wp","href":"https:\/\/api.w.org\/{rel}","templated":true}]}}