{"id":146991,"date":"2026-03-15T21:35:33","date_gmt":"2026-03-16T00:35:33","guid":{"rendered":"https:\/\/revistaesperanzas.com\/web\/?p=146991"},"modified":"2026-03-15T21:38:50","modified_gmt":"2026-03-16T00:38:50","slug":"actos-apertura-ciclo-lectivo-en-las-escuelas-municipales","status":"publish","type":"post","link":"https:\/\/revistaesperanzas.com\/web\/2026\/03\/actos-apertura-ciclo-lectivo-en-las-escuelas-municipales\/","title":{"rendered":"ACTOS APERTURA CICLO LECTIVO EN LAS ESCUELAS MUNICIPALES"},"content":{"rendered":"<p style=\"font-weight: 400;\">Este lunes 16 de marzo, las escuelas de gesti\u00f3n municipal, iniciar\u00e1n su periodo lectivo 2026, en tal sentido las instituciones educativas dependientes de la Secretar\u00eda de Educaci\u00f3n de la Municipalidad de Goya, han establecido los horarios para sus respectivos actos de apertura del ciclo lectivo.<a href=\"https:\/\/revistaesperanzas.com\/web\/2026\/03\/actos-apertura-ciclo-lectivo-en-las-escuelas-municipales\/inicio-ciclo-lectivo-escuela-municipal-antonio-villarreal-flyr-1\/\" rel=\"attachment wp-att-146996\"><img loading=\"lazy\" decoding=\"async\" class=\" wp-image-146996 alignright\" src=\"https:\/\/revistaesperanzas.com\/web\/wp-content\/uploads\/2026\/03\/inicio-ciclo-lectivo-escuela-municipal-Antonio-Villarreal-Flyr-1.jpg\" alt=\"\" width=\"451\" height=\"564\" srcset=\"https:\/\/revistaesperanzas.com\/web\/wp-content\/uploads\/2026\/03\/inicio-ciclo-lectivo-escuela-municipal-Antonio-Villarreal-Flyr-1.jpg 600w, https:\/\/revistaesperanzas.com\/web\/wp-content\/uploads\/2026\/03\/inicio-ciclo-lectivo-escuela-municipal-Antonio-Villarreal-Flyr-1-336x420.jpg 336w\" sizes=\"auto, (max-width: 451px) 100vw, 451px\" \/><\/a><\/p>\n<p style=\"font-weight: 400;\">La ceremonia correspondiente, en ambas instituciones contar\u00e1 con la presencia de los directivos de las Escuelas Antonio Villarreal y \u201cNuestra Se\u00f1ora de Itati\u201d el equipo de docentes, los estudiantes de los distintos cursos a dictarse durante el a\u00f1o, familiares y autoridades municipales.<\/p>\n<p style=\"font-weight: 400;\">ESCUELA MUNICIPAL ANTONIO R VILLARREAL<\/p>\n<p style=\"font-weight: 400;\">El acto de inicio del ciclo lectivo en la Escuela Villarreal, est\u00e1 programado para el lunes 16, a las 16 horas, en la sede de la instituci\u00f3n, situada en Avenida Neustadt 181.<\/p>\n<p style=\"font-weight: 400;\">ESCUELA TALLER \u201cNUESTRA SE\u00d1ORA DE ITATI\u201d<\/p>\n<p style=\"font-weight: 400;\">Por su parte la ceremonia de inicio de clases en la Escuela del Barrio Itat\u00ed, se estableci\u00f3, para el lunes 16, a las 18 horas, en la sede escolar, ubicada en calle Las Heras 555.<\/p>\n","protected":false},"excerpt":{"rendered":"<p>Este lunes 16 de marzo, las escuelas de gesti\u00f3n municipal, iniciar\u00e1n su periodo lectivo 2026, en tal sentido las instituciones educativas dependientes de la Secretar\u00eda de Educaci\u00f3n de la Municipalidad de Goya, han establecido los horarios para sus respectivos actos de apertura del ciclo lectivo. La ceremonia correspondiente, en ambas instituciones contar\u00e1 con la presencia [&hellip;]<\/p>\n","protected":false},"author":4,"featured_media":146995,"comment_status":"closed","ping_status":"closed","sticky":false,"template":"","format":"standard","meta":{"footnotes":""},"categories":[45],"tags":[],"class_list":{"0":"post-146991","1":"post","2":"type-post","3":"status-publish","4":"format-standard","5":"has-post-thumbnail","7":"category-locales"},"_links":{"self":[{"href":"https:\/\/revistaesperanzas.com\/web\/wp-json\/wp\/v2\/posts\/146991","targetHints":{"allow":["GET"]}}],"collection":[{"href":"https:\/\/revistaesperanzas.com\/web\/wp-json\/wp\/v2\/posts"}],"about":[{"href":"https:\/\/revistaesperanzas.com\/web\/wp-json\/wp\/v2\/types\/post"}],"author":[{"embeddable":true,"href":"https:\/\/revistaesperanzas.com\/web\/wp-json\/wp\/v2\/users\/4"}],"replies":[{"embeddable":true,"href":"https:\/\/revistaesperanzas.com\/web\/wp-json\/wp\/v2\/comments?post=146991"}],"version-history":[{"count":2,"href":"https:\/\/revistaesperanzas.com\/web\/wp-json\/wp\/v2\/posts\/146991\/revisions"}],"predecessor-version":[{"id":146997,"href":"https:\/\/revistaesperanzas.com\/web\/wp-json\/wp\/v2\/posts\/146991\/revisions\/146997"}],"wp:featuredmedia":[{"embeddable":true,"href":"https:\/\/revistaesperanzas.com\/web\/wp-json\/wp\/v2\/media\/146995"}],"wp:attachment":[{"href":"https:\/\/revistaesperanzas.com\/web\/wp-json\/wp\/v2\/media?parent=146991"}],"wp:term":[{"taxonomy":"category","embeddable":true,"href":"https:\/\/revistaesperanzas.com\/web\/wp-json\/wp\/v2\/categories?post=146991"},{"taxonomy":"post_tag","embeddable":true,"href":"https:\/\/revistaesperanzas.com\/web\/wp-json\/wp\/v2\/tags?post=146991"}],"curies":[{"name":"wp","href":"https:\/\/api.w.org\/{rel}","templated":true}]}}