{"id":146998,"date":"2026-03-15T21:39:59","date_gmt":"2026-03-16T00:39:59","guid":{"rendered":"https:\/\/revistaesperanzas.com\/web\/?p=146998"},"modified":"2026-03-15T21:39:59","modified_gmt":"2026-03-16T00:39:59","slug":"presentacion-de-mauricio-dayub-con-el-unipersonal-mas-premiado-del-pais-22-de-marzo-en-el-teatro-municipal","status":"publish","type":"post","link":"https:\/\/revistaesperanzas.com\/web\/2026\/03\/presentacion-de-mauricio-dayub-con-el-unipersonal-mas-premiado-del-pais-22-de-marzo-en-el-teatro-municipal\/","title":{"rendered":"PRESENTACI\u00d3N DE MAURICIO DAYUB, CON EL UNIPERSONAL M\u00c1S PREMIADO DEL PA\u00cdS, 22 DE MARZO EN EL TEATRO MUNICIPAL"},"content":{"rendered":"<p style=\"font-weight: 400;\">EL EQUILIBRISTA EN GOYA<\/p>\n<p style=\"font-weight: 400;\">El reconocido actor argentino Mauricio Dayub se prepara para desembarcar en el Teatro Municipal de Goya el pr\u00f3ximo 22 de marzo con su multipremiado unipersonal &#8220;El Equilibrista&#8221;.<\/p>\n<p style=\"font-weight: 400;\">La obra, que han visto m\u00e1s de 450.000 espectadores a lo largo de ocho a\u00f1os, promete una noche inolvidable de reflexi\u00f3n y humor.<\/p>\n<p style=\"font-weight: 400;\">72 CIUDADES VISITADAS<\/p>\n<p style=\"font-weight: 400;\">Mauricio Dayub, reconocido con el premio Konex de Platino al mejor unipersonal de la d\u00e9cada, expres\u00f3 su entusiasmo por presentarse por primera vez en la ciudad de Goya: \u201cEs algo muy interesante lo que sucede con esta obra, me origina placer la recorrida por el pa\u00eds, llevamos en la gira visitadas algo m\u00e1s de 72 ciudades, capitales y localidades del interior.\u201d<\/p>\n<p style=\"font-weight: 400;\">GIRA INTERNACIONAL LLEGA A DOMINICANA<\/p>\n<p style=\"font-weight: 400;\">\u201cEn este itinerario, nos sorprendemos de las noticias que recibimos abarcando nuestra gira a 5 pa\u00edses, Espa\u00f1a, Israel, Estados Unidos, Venezuela, Uruguay, ahora sumamos Rep\u00fablica Dominicana, son 6 los pa\u00edses en esta gira, es una historia muy potente, es un espect\u00e1culo \u201cangelado\u201d, me llena de orgullo, llega de una manera muy emotiva al espectador, es una historia personal de mi familia que me produce una inmensa felicidad.\u201d<\/p>\n<p style=\"font-weight: 400;\">UN REGALO, UNA CARICIA AL ALMA<\/p>\n<p style=\"font-weight: 400;\">Consultado sobre las cr\u00edticas recibidas en la presentaci\u00f3n de la referida obra, el actor, autor, se\u00f1al\u00f3: \u201cMe describen los espectadores como un \u201cregalo\u201d, es algo que disfruto que la gente, los espectadores hagan estas devoluciones, esto produce en \u201cEl Equilibrista\u201d, logrado porque va m\u00e1s all\u00e1 de la obra misma, eso es lo que me queda de esta gira nacional.\u201d<\/p>\n<p style=\"font-weight: 400;\">El domingo 22 estaremos en la ciudad de Goya, buscando que todos pasen bien, esta llegada a la ciudad cumple con el prop\u00f3sito trazado de llegar a ciudades donde no he podido estar&#8221;.<\/p>\n<p style=\"font-weight: 400;\">EL ORGULLO DE LOS PREMIOS<\/p>\n<p style=\"font-weight: 400;\">En relaci\u00f3n a los premios logrados, el actor afirm\u00f3:\u00a0 \u201cMe emociona, enorgullece los premios, el Konex de platino es un ejemplo de ello, pero a mi particularmente, me pone contento los primeros premios, revelaci\u00f3n, porque es la se\u00f1al para emprender este camino que transitamos, es como ir cumpliendo los sue\u00f1os fijados, entonces podemos resumir como la oferta de mi propia vida e historias con un equipo de gente que me acompa\u00f1a&#8221;.<\/p>\n<p style=\"font-weight: 400;\">UNA NOCHE PARA EMOCIONARSE<\/p>\n<p style=\"font-weight: 400;\">En el final de la entrevista mantenida en Radio Ciudad, el actor Mauricio Dayub, invito a ver la obra, el pr\u00f3ximo domingo 22 de marzo, en el Teatro Municipal, se\u00f1alando: \u201cVengan tranquilo, desde hace 8 a\u00f1os, es un teatro con garant\u00eda, podemos asegurar que juntos nos emocionaremos, los espero en el Teatro Municipal de Goya\u201d<\/p>\n<p style=\"font-weight: 400;\">&#8220;El Equilibrista&#8221;, escrita por el propio actor, en colaboraci\u00f3n con Patricio Abadi y Mariano Saba, es mucho m\u00e1s que una obra de teatro; es un viaje a las ra\u00edces, una exploraci\u00f3n de los v\u00ednculos familiares y una b\u00fasqueda constante del equilibrio emocional.<\/p>\n<p style=\"font-weight: 400;\">Las entradas est\u00e1n a la venta en el Teatro Municipal, en los horarios habituales.<\/p>\n","protected":false},"excerpt":{"rendered":"<p>EL EQUILIBRISTA EN GOYA El reconocido actor argentino Mauricio Dayub se prepara para desembarcar en el Teatro Municipal de Goya el pr\u00f3ximo 22 de marzo con su multipremiado unipersonal &#8220;El Equilibrista&#8221;. La obra, que han visto m\u00e1s de 450.000 espectadores a lo largo de ocho a\u00f1os, promete una noche inolvidable de reflexi\u00f3n y humor. 72 [&hellip;]<\/p>\n","protected":false},"author":4,"featured_media":146992,"comment_status":"closed","ping_status":"closed","sticky":false,"template":"","format":"standard","meta":{"footnotes":""},"categories":[45],"tags":[],"class_list":{"0":"post-146998","1":"post","2":"type-post","3":"status-publish","4":"format-standard","5":"has-post-thumbnail","7":"category-locales"},"_links":{"self":[{"href":"https:\/\/revistaesperanzas.com\/web\/wp-json\/wp\/v2\/posts\/146998","targetHints":{"allow":["GET"]}}],"collection":[{"href":"https:\/\/revistaesperanzas.com\/web\/wp-json\/wp\/v2\/posts"}],"about":[{"href":"https:\/\/revistaesperanzas.com\/web\/wp-json\/wp\/v2\/types\/post"}],"author":[{"embeddable":true,"href":"https:\/\/revistaesperanzas.com\/web\/wp-json\/wp\/v2\/users\/4"}],"replies":[{"embeddable":true,"href":"https:\/\/revistaesperanzas.com\/web\/wp-json\/wp\/v2\/comments?post=146998"}],"version-history":[{"count":1,"href":"https:\/\/revistaesperanzas.com\/web\/wp-json\/wp\/v2\/posts\/146998\/revisions"}],"predecessor-version":[{"id":146999,"href":"https:\/\/revistaesperanzas.com\/web\/wp-json\/wp\/v2\/posts\/146998\/revisions\/146999"}],"wp:featuredmedia":[{"embeddable":true,"href":"https:\/\/revistaesperanzas.com\/web\/wp-json\/wp\/v2\/media\/146992"}],"wp:attachment":[{"href":"https:\/\/revistaesperanzas.com\/web\/wp-json\/wp\/v2\/media?parent=146998"}],"wp:term":[{"taxonomy":"category","embeddable":true,"href":"https:\/\/revistaesperanzas.com\/web\/wp-json\/wp\/v2\/categories?post=146998"},{"taxonomy":"post_tag","embeddable":true,"href":"https:\/\/revistaesperanzas.com\/web\/wp-json\/wp\/v2\/tags?post=146998"}],"curies":[{"name":"wp","href":"https:\/\/api.w.org\/{rel}","templated":true}]}}