{"id":147007,"date":"2026-03-16T09:11:49","date_gmt":"2026-03-16T12:11:49","guid":{"rendered":"https:\/\/revistaesperanzas.com\/web\/?p=147007"},"modified":"2026-03-16T09:11:49","modified_gmt":"2026-03-16T12:11:49","slug":"matienzo-en-su-visita-al-deportivo-concepcion-trae-tres-valiosos-puntos","status":"publish","type":"post","link":"https:\/\/revistaesperanzas.com\/web\/2026\/03\/matienzo-en-su-visita-al-deportivo-concepcion-trae-tres-valiosos-puntos\/","title":{"rendered":"MATIENZO EN SU VISITA AL DEPORTIVO CONCEPCI\u00d3N TRAE TRES VALIOSOS PUNTOS"},"content":{"rendered":"<p style=\"font-weight: 400;\">Antes del Juego la Comisi\u00f3n Directiva del Deportivo Concepci\u00f3n reconoci\u00f3 al club goyano, con una plaqueta, por los 30 a\u00f1os del primer enfrentamiento deportivo entre ambos<\/p>\n<p style=\"font-weight: 400;\">Matienzo derrot\u00f3 por 2 a 1 a Deportivo Concepci\u00f3n con goles de Fabricio Haberle y el capit\u00e1n Juan \u201cViru\u201d Fern\u00e1ndez. El empate transitorio fue autor\u00eda de Gustavo N\u00fa\u00f1ez<\/p>\n<p style=\"font-weight: 400;\">De esta manera, el equipo dirigido por Carlos Gomez, logra su primer triunfo en el Torneo Provincial 2026<a href=\"https:\/\/revistaesperanzas.com\/web\/2026\/03\/matienzo-en-su-visita-al-deportivo-concepcion-trae-tres-valiosos-puntos\/matienzo-victorioso-en-concepcion\/\" rel=\"attachment wp-att-147009\"><img loading=\"lazy\" decoding=\"async\" class=\"alignnone  wp-image-147009\" src=\"https:\/\/revistaesperanzas.com\/web\/wp-content\/uploads\/2026\/03\/matienzo-victorioso-en-Concepcion.jpg\" alt=\"\" width=\"693\" height=\"497\" srcset=\"https:\/\/revistaesperanzas.com\/web\/wp-content\/uploads\/2026\/03\/matienzo-victorioso-en-Concepcion.jpg 600w, https:\/\/revistaesperanzas.com\/web\/wp-content\/uploads\/2026\/03\/matienzo-victorioso-en-Concepcion-586x420.jpg 586w\" sizes=\"auto, (max-width: 693px) 100vw, 693px\" \/><\/a><\/p>\n<p style=\"font-weight: 400;\">Pr\u00f3xima semana, con d\u00eda y horario a confirmar, Matienzo recibe a Calle Poi que empat\u00f3 1 a 1 de visitante ante Sportivo Santa Luc\u00eda<\/p>\n<p style=\"font-weight: 400;\">RECONOCIMIENTO A MATIENZO<\/p>\n<p style=\"font-weight: 400;\">Previo al partido, la comisi\u00f3n directiva de Deportivo Concepci\u00f3n le entreg\u00f3 una plaqueta en reconocimiento al club goyano por cumplirse 30 a\u00f1os del primer encuentro entre ambos equipos.<\/p>\n<p style=\"font-weight: 400;\">En aquella oportunidad, El Pitog\u00fce viaj\u00f3 a Concepci\u00f3n del Yaguaret\u00e9 Cor\u00e1 como conmemoraci\u00f3n del Bicentenario de la ciudad.<\/p>\n<p style=\"font-weight: 400;\">Recibieron la distinci\u00f3n Oscar Morales, presidente de Matienzo acompa\u00f1ado de Juan Carlos Fern\u00e1ndez, capit\u00e1n del aurinegro y de Jorge Gamarra, que jug\u00f3 dicho encuentro representando al elenco goyano.<\/p>\n","protected":false},"excerpt":{"rendered":"<p>Antes del Juego la Comisi\u00f3n Directiva del Deportivo Concepci\u00f3n reconoci\u00f3 al club goyano, con una plaqueta, por los 30 a\u00f1os del primer enfrentamiento deportivo entre ambos Matienzo derrot\u00f3 por 2 a 1 a Deportivo Concepci\u00f3n con goles de Fabricio Haberle y el capit\u00e1n Juan \u201cViru\u201d Fern\u00e1ndez. El empate transitorio fue autor\u00eda de Gustavo N\u00fa\u00f1ez De [&hellip;]<\/p>\n","protected":false},"author":4,"featured_media":147008,"comment_status":"closed","ping_status":"closed","sticky":false,"template":"","format":"standard","meta":{"footnotes":""},"categories":[45],"tags":[],"class_list":{"0":"post-147007","1":"post","2":"type-post","3":"status-publish","4":"format-standard","5":"has-post-thumbnail","7":"category-locales"},"_links":{"self":[{"href":"https:\/\/revistaesperanzas.com\/web\/wp-json\/wp\/v2\/posts\/147007","targetHints":{"allow":["GET"]}}],"collection":[{"href":"https:\/\/revistaesperanzas.com\/web\/wp-json\/wp\/v2\/posts"}],"about":[{"href":"https:\/\/revistaesperanzas.com\/web\/wp-json\/wp\/v2\/types\/post"}],"author":[{"embeddable":true,"href":"https:\/\/revistaesperanzas.com\/web\/wp-json\/wp\/v2\/users\/4"}],"replies":[{"embeddable":true,"href":"https:\/\/revistaesperanzas.com\/web\/wp-json\/wp\/v2\/comments?post=147007"}],"version-history":[{"count":2,"href":"https:\/\/revistaesperanzas.com\/web\/wp-json\/wp\/v2\/posts\/147007\/revisions"}],"predecessor-version":[{"id":147011,"href":"https:\/\/revistaesperanzas.com\/web\/wp-json\/wp\/v2\/posts\/147007\/revisions\/147011"}],"wp:featuredmedia":[{"embeddable":true,"href":"https:\/\/revistaesperanzas.com\/web\/wp-json\/wp\/v2\/media\/147008"}],"wp:attachment":[{"href":"https:\/\/revistaesperanzas.com\/web\/wp-json\/wp\/v2\/media?parent=147007"}],"wp:term":[{"taxonomy":"category","embeddable":true,"href":"https:\/\/revistaesperanzas.com\/web\/wp-json\/wp\/v2\/categories?post=147007"},{"taxonomy":"post_tag","embeddable":true,"href":"https:\/\/revistaesperanzas.com\/web\/wp-json\/wp\/v2\/tags?post=147007"}],"curies":[{"name":"wp","href":"https:\/\/api.w.org\/{rel}","templated":true}]}}