{"id":147012,"date":"2026-03-16T09:19:07","date_gmt":"2026-03-16T12:19:07","guid":{"rendered":"https:\/\/revistaesperanzas.com\/web\/?p=147012"},"modified":"2026-03-16T09:19:07","modified_gmt":"2026-03-16T12:19:07","slug":"mercedes-solicitud-de-colaboracion-para-la-localizacion-y-paradero-de-la-ciudadana-villalba-maria-elena-de-21-anos-de-edad","status":"publish","type":"post","link":"https:\/\/revistaesperanzas.com\/web\/2026\/03\/mercedes-solicitud-de-colaboracion-para-la-localizacion-y-paradero-de-la-ciudadana-villalba-maria-elena-de-21-anos-de-edad\/","title":{"rendered":"MERCEDES: SOLICITUD DE COLABORACION PARA LA LOCALIZACION Y PARADERO DE LA CIUDADANA VILLALBA MARIA ELENA DE 21 A\u00d1OS DE EDAD"},"content":{"rendered":"<p>A trav\u00e9s de la presente Gacetilla, solicitamos a los distintos medios de comunicaci\u00f3n pueda ser reflejado-publicado sobre una solicitud proveniente de la Comisaria de Distrito Segunda <a href=\"https:\/\/revistaesperanzas.com\/web\/2026\/03\/mercedes-solicitud-de-colaboracion-para-la-localizacion-y-paradero-de-la-ciudadana-villalba-maria-elena-de-21-anos-de-edad\/whatsapp-image-2026-03-16-at-06-46-20\/\" rel=\"attachment wp-att-147014\"><img loading=\"lazy\" decoding=\"async\" class=\" wp-image-147014 alignleft\" src=\"https:\/\/revistaesperanzas.com\/web\/wp-content\/uploads\/2026\/03\/WhatsApp-Image-2026-03-16-at-06.46.20.jpeg\" alt=\"\" width=\"500\" height=\"625\" srcset=\"https:\/\/revistaesperanzas.com\/web\/wp-content\/uploads\/2026\/03\/WhatsApp-Image-2026-03-16-at-06.46.20.jpeg 600w, https:\/\/revistaesperanzas.com\/web\/wp-content\/uploads\/2026\/03\/WhatsApp-Image-2026-03-16-at-06.46.20-336x420.jpeg 336w\" sizes=\"auto, (max-width: 500px) 100vw, 500px\" \/><\/a> de Mercedes, a ra\u00edz de una denuncia realizada por una mujer de apellido Aguirre, por lo que solicitan la colaboraci\u00f3n para dar difusi\u00f3n respecto a la b\u00fasqueda y localizaci\u00f3n de una ciudadana identificada como VILLALBA MARIA ELENA DE 21 A\u00d1OS DE EDAD, quien se habr\u00eda ausentado de su hogar ubicado en el Barrio Itati de esa localidad desde el pasado 10-03-26 en horas de la tarde.<\/p>\n<p>Es por ello, que independientemente de la labor de b\u00fasqueda que \u00e9sta realizando la Polic\u00eda, se solicita la colaboraci\u00f3n a los distintos medios period\u00edsticos para su publicaci\u00f3n y de esa manera dar a conocer a la poblaci\u00f3n en general, para que aquellas personas que puedan aportar datos ciertos y que ayuden a lograr encontrar a esta persona, puedan hacerlo ante la citada Comisaria, nro. 3795-104385 o a la Dependencia Policial m\u00e1s cercana a su domicilio y\/o comunicarse al n\u00famero telef\u00f3nico gratuito del Sistema Integral de Seguridad (S.I.S.) 911 en la Capital y 101 en el Interior Provincial.<\/p>\n","protected":false},"excerpt":{"rendered":"<p>A trav\u00e9s de la presente Gacetilla, solicitamos a los distintos medios de comunicaci\u00f3n pueda ser reflejado-publicado sobre una solicitud proveniente de la Comisaria de Distrito Segunda de Mercedes, a ra\u00edz de una denuncia realizada por una mujer de apellido Aguirre, por lo que solicitan la colaboraci\u00f3n para dar difusi\u00f3n respecto a la b\u00fasqueda y localizaci\u00f3n [&hellip;]<\/p>\n","protected":false},"author":4,"featured_media":147013,"comment_status":"closed","ping_status":"closed","sticky":false,"template":"","format":"standard","meta":{"footnotes":""},"categories":[58],"tags":[],"class_list":{"0":"post-147012","1":"post","2":"type-post","3":"status-publish","4":"format-standard","5":"has-post-thumbnail","7":"category-corrientes"},"_links":{"self":[{"href":"https:\/\/revistaesperanzas.com\/web\/wp-json\/wp\/v2\/posts\/147012","targetHints":{"allow":["GET"]}}],"collection":[{"href":"https:\/\/revistaesperanzas.com\/web\/wp-json\/wp\/v2\/posts"}],"about":[{"href":"https:\/\/revistaesperanzas.com\/web\/wp-json\/wp\/v2\/types\/post"}],"author":[{"embeddable":true,"href":"https:\/\/revistaesperanzas.com\/web\/wp-json\/wp\/v2\/users\/4"}],"replies":[{"embeddable":true,"href":"https:\/\/revistaesperanzas.com\/web\/wp-json\/wp\/v2\/comments?post=147012"}],"version-history":[{"count":2,"href":"https:\/\/revistaesperanzas.com\/web\/wp-json\/wp\/v2\/posts\/147012\/revisions"}],"predecessor-version":[{"id":147016,"href":"https:\/\/revistaesperanzas.com\/web\/wp-json\/wp\/v2\/posts\/147012\/revisions\/147016"}],"wp:featuredmedia":[{"embeddable":true,"href":"https:\/\/revistaesperanzas.com\/web\/wp-json\/wp\/v2\/media\/147013"}],"wp:attachment":[{"href":"https:\/\/revistaesperanzas.com\/web\/wp-json\/wp\/v2\/media?parent=147012"}],"wp:term":[{"taxonomy":"category","embeddable":true,"href":"https:\/\/revistaesperanzas.com\/web\/wp-json\/wp\/v2\/categories?post=147012"},{"taxonomy":"post_tag","embeddable":true,"href":"https:\/\/revistaesperanzas.com\/web\/wp-json\/wp\/v2\/tags?post=147012"}],"curies":[{"name":"wp","href":"https:\/\/api.w.org\/{rel}","templated":true}]}}