{"id":147017,"date":"2026-03-16T09:23:47","date_gmt":"2026-03-16T12:23:47","guid":{"rendered":"https:\/\/revistaesperanzas.com\/web\/?p=147017"},"modified":"2026-03-16T09:23:47","modified_gmt":"2026-03-16T12:23:47","slug":"comisaria-de-distrito-segunda-de-gobernador-virasoro-solicitud-de-colaboracion-para-la-localizacion-y-paradero-del-ciudadano-da-luz-esteban-daniel-de-30-anos-de-edad","status":"publish","type":"post","link":"https:\/\/revistaesperanzas.com\/web\/2026\/03\/comisaria-de-distrito-segunda-de-gobernador-virasoro-solicitud-de-colaboracion-para-la-localizacion-y-paradero-del-ciudadano-da-luz-esteban-daniel-de-30-anos-de-edad\/","title":{"rendered":"COMISARIA DE DISTRITO SEGUNDA DE GOBERNADOR VIRASORO SOLICITUD DE COLABORACION PARA LA LOCALIZACION Y PARADERO DEL CIUDADANO DA LUZ ESTEBAN DANIEL DE 30 A\u00d1OS DE EDAD."},"content":{"rendered":"<p>A trav\u00e9s de la presente Gacetilla, solicitamos a los distintos medios de comunicaci\u00f3n pueda ser reflejado-publicado sobre una solicitud enviada desde la Comisar\u00eda de Distrito 2da de Gobernador Virasoro quienes solicitan la colaboraci\u00f3n para dar difusi\u00f3n respecto a la b\u00fasqueda y localizaci\u00f3n de un ciudadano identificado como DA LUZ ESTEBAN DANIEL DE 30 A\u00d1OSDE EDAD, quien conforme a la denuncia efectuada por una persona de apellido -Da Luz-; el mismo en horas de la noche del pasado 13-03-26 se habr\u00eda ausentado de<a href=\"https:\/\/revistaesperanzas.com\/web\/2026\/03\/comisaria-de-distrito-segunda-de-gobernador-virasoro-solicitud-de-colaboracion-para-la-localizacion-y-paradero-del-ciudadano-da-luz-esteban-daniel-de-30-anos-de-edad\/whatsapp-image-2026-03-16-at-06-46-20-1\/\" rel=\"attachment wp-att-147019\"><img loading=\"lazy\" decoding=\"async\" class=\" wp-image-147019 alignleft\" src=\"https:\/\/revistaesperanzas.com\/web\/wp-content\/uploads\/2026\/03\/WhatsApp-Image-2026-03-16-at-06.46.20-1.jpeg\" alt=\"\" width=\"501\" height=\"626\" srcset=\"https:\/\/revistaesperanzas.com\/web\/wp-content\/uploads\/2026\/03\/WhatsApp-Image-2026-03-16-at-06.46.20-1.jpeg 600w, https:\/\/revistaesperanzas.com\/web\/wp-content\/uploads\/2026\/03\/WhatsApp-Image-2026-03-16-at-06.46.20-1-336x420.jpeg 336w\" sizes=\"auto, (max-width: 501px) 100vw, 501px\" \/><\/a> domicilio ubicado en el Barrio Alfonsin de esa localidad, dando intervenci\u00f3n de \u00e9sta situaci\u00f3n tambi\u00e9n a la fiscal\u00eda de Investigaci\u00f3n en turno.<\/p>\n<p>Sus caracter\u00edsticas f\u00edsicas son las siguientes: 1,60 metros de altura, como se\u00f1a particular posee un tatuaje en el brazo izquierdo con el nombre \u201cDani\u201d. VESTIA: una bermuda color gris, remera mangas cortas de color gris, gorra color negra.<\/p>\n<p>Es por ello, que independientemente de la labor de b\u00fasqueda que \u00e9sta realizando la Polic\u00eda, se solicita la colaboraci\u00f3n a los distintos medios period\u00edsticos para su publicaci\u00f3n y de esa manera dar a conocer a la poblaci\u00f3n en general, para que aquellas personas que puedan aportar datos ciertos y que ayuden a lograr encontrar a este joven, puedan hacerlo ante la citada Comisar\u00eda 3756-449634\/ 3794-951014; o la Dependencia Policial m\u00e1s cercana a su domicilio y\/o comunicarse al n\u00famero telef\u00f3nico gratuito del Sistema Integral de Seguridad (S.I.S.) 911 en la Capital y 101 en el Interior Provincial.<\/p>\n","protected":false},"excerpt":{"rendered":"<p>A trav\u00e9s de la presente Gacetilla, solicitamos a los distintos medios de comunicaci\u00f3n pueda ser reflejado-publicado sobre una solicitud enviada desde la Comisar\u00eda de Distrito 2da de Gobernador Virasoro quienes solicitan la colaboraci\u00f3n para dar difusi\u00f3n respecto a la b\u00fasqueda y localizaci\u00f3n de un ciudadano identificado como DA LUZ ESTEBAN DANIEL DE 30 A\u00d1OSDE EDAD, [&hellip;]<\/p>\n","protected":false},"author":4,"featured_media":147018,"comment_status":"closed","ping_status":"closed","sticky":false,"template":"","format":"standard","meta":{"footnotes":""},"categories":[58],"tags":[],"class_list":{"0":"post-147017","1":"post","2":"type-post","3":"status-publish","4":"format-standard","5":"has-post-thumbnail","7":"category-corrientes"},"_links":{"self":[{"href":"https:\/\/revistaesperanzas.com\/web\/wp-json\/wp\/v2\/posts\/147017","targetHints":{"allow":["GET"]}}],"collection":[{"href":"https:\/\/revistaesperanzas.com\/web\/wp-json\/wp\/v2\/posts"}],"about":[{"href":"https:\/\/revistaesperanzas.com\/web\/wp-json\/wp\/v2\/types\/post"}],"author":[{"embeddable":true,"href":"https:\/\/revistaesperanzas.com\/web\/wp-json\/wp\/v2\/users\/4"}],"replies":[{"embeddable":true,"href":"https:\/\/revistaesperanzas.com\/web\/wp-json\/wp\/v2\/comments?post=147017"}],"version-history":[{"count":2,"href":"https:\/\/revistaesperanzas.com\/web\/wp-json\/wp\/v2\/posts\/147017\/revisions"}],"predecessor-version":[{"id":147021,"href":"https:\/\/revistaesperanzas.com\/web\/wp-json\/wp\/v2\/posts\/147017\/revisions\/147021"}],"wp:featuredmedia":[{"embeddable":true,"href":"https:\/\/revistaesperanzas.com\/web\/wp-json\/wp\/v2\/media\/147018"}],"wp:attachment":[{"href":"https:\/\/revistaesperanzas.com\/web\/wp-json\/wp\/v2\/media?parent=147017"}],"wp:term":[{"taxonomy":"category","embeddable":true,"href":"https:\/\/revistaesperanzas.com\/web\/wp-json\/wp\/v2\/categories?post=147017"},{"taxonomy":"post_tag","embeddable":true,"href":"https:\/\/revistaesperanzas.com\/web\/wp-json\/wp\/v2\/tags?post=147017"}],"curies":[{"name":"wp","href":"https:\/\/api.w.org\/{rel}","templated":true}]}}