{"id":147022,"date":"2026-03-16T09:27:58","date_gmt":"2026-03-16T12:27:58","guid":{"rendered":"https:\/\/revistaesperanzas.com\/web\/?p=147022"},"modified":"2026-03-16T09:27:58","modified_gmt":"2026-03-16T12:27:58","slug":"corrientes-joven-muere-en-el-caps-del-barrio-montana","status":"publish","type":"post","link":"https:\/\/revistaesperanzas.com\/web\/2026\/03\/corrientes-joven-muere-en-el-caps-del-barrio-montana\/","title":{"rendered":"CORRIENTES: JOVEN MUERE EN EL CAPS DEL BARRIO MONTA\u00d1A"},"content":{"rendered":"<p>BARRIO DR. MONTA\u00d1A\u00a0 &#8211;\u00a0 La Polic\u00eda investiga la muerte de un joven. Se halla aprehendido el presunto autor.<\/p>\n<p>En horas de la madrugada DEL 15-03-26, efectivos policiales dependientes de la Comisaria D\u00e9cimo Cuarta urbana, tomaron conocimiento que en el CAPS del Barrio Dr. Monta\u00f1a habr\u00eda ingresado un joven de 26 a\u00f1os de edad, con lesiones en la zona occipital y cervical y que a los pocos minutos se produjo su deceso, aparentemente luego de mantener alg\u00fan tipo de altercado con otro sujeto.<\/p>\n<p>Seg\u00fan la informaci\u00f3n inicial, el hecho se habr\u00eda registrado alrededor de las 02:00 horas, por calles Agustin Lara y 130, donde aparentemente se produjo un altercado entre dos j\u00f3venes de 18 y 26 a\u00f1os de edad, y por causas que se desconocen result\u00f3 lesionado -con alg\u00fan elemento contundente- el de 26 a\u00f1os, siendo auxiliado y trasladado hasta el CAPS del mencionado barrio, donde informaron que a los pocos minutos se produjo su lamentable deceso.<\/p>\n<p>Por el hecho, y tras las tareas investigativas realizadas, se logr\u00f3 la demora del presunto autor del hecho, quien fue puesto a disposici\u00f3n de la justicia, quedando de \u00e8sta manera esclarecido en supuesto homicidio, llev\u00e1ndose a cabo las diligencias del caso en la citada comisaria.<\/p>\n","protected":false},"excerpt":{"rendered":"<p>BARRIO DR. MONTA\u00d1A\u00a0 &#8211;\u00a0 La Polic\u00eda investiga la muerte de un joven. Se halla aprehendido el presunto autor. En horas de la madrugada DEL 15-03-26, efectivos policiales dependientes de la Comisaria D\u00e9cimo Cuarta urbana, tomaron conocimiento que en el CAPS del Barrio Dr. Monta\u00f1a habr\u00eda ingresado un joven de 26 a\u00f1os de edad, con lesiones [&hellip;]<\/p>\n","protected":false},"author":4,"featured_media":147023,"comment_status":"closed","ping_status":"closed","sticky":false,"template":"","format":"standard","meta":{"footnotes":""},"categories":[58],"tags":[],"class_list":{"0":"post-147022","1":"post","2":"type-post","3":"status-publish","4":"format-standard","5":"has-post-thumbnail","7":"category-corrientes"},"_links":{"self":[{"href":"https:\/\/revistaesperanzas.com\/web\/wp-json\/wp\/v2\/posts\/147022","targetHints":{"allow":["GET"]}}],"collection":[{"href":"https:\/\/revistaesperanzas.com\/web\/wp-json\/wp\/v2\/posts"}],"about":[{"href":"https:\/\/revistaesperanzas.com\/web\/wp-json\/wp\/v2\/types\/post"}],"author":[{"embeddable":true,"href":"https:\/\/revistaesperanzas.com\/web\/wp-json\/wp\/v2\/users\/4"}],"replies":[{"embeddable":true,"href":"https:\/\/revistaesperanzas.com\/web\/wp-json\/wp\/v2\/comments?post=147022"}],"version-history":[{"count":1,"href":"https:\/\/revistaesperanzas.com\/web\/wp-json\/wp\/v2\/posts\/147022\/revisions"}],"predecessor-version":[{"id":147024,"href":"https:\/\/revistaesperanzas.com\/web\/wp-json\/wp\/v2\/posts\/147022\/revisions\/147024"}],"wp:featuredmedia":[{"embeddable":true,"href":"https:\/\/revistaesperanzas.com\/web\/wp-json\/wp\/v2\/media\/147023"}],"wp:attachment":[{"href":"https:\/\/revistaesperanzas.com\/web\/wp-json\/wp\/v2\/media?parent=147022"}],"wp:term":[{"taxonomy":"category","embeddable":true,"href":"https:\/\/revistaesperanzas.com\/web\/wp-json\/wp\/v2\/categories?post=147022"},{"taxonomy":"post_tag","embeddable":true,"href":"https:\/\/revistaesperanzas.com\/web\/wp-json\/wp\/v2\/tags?post=147022"}],"curies":[{"name":"wp","href":"https:\/\/api.w.org\/{rel}","templated":true}]}}