{"id":150578,"date":"2026-04-24T19:00:53","date_gmt":"2026-04-24T22:00:53","guid":{"rendered":"https:\/\/revistaesperanzas.com\/web\/?p=150578"},"modified":"2026-04-24T19:06:06","modified_gmt":"2026-04-24T22:06:06","slug":"grupo-de-respuesta-inmediata-motorizada-no5","status":"publish","type":"post","link":"https:\/\/revistaesperanzas.com\/web\/2026\/04\/grupo-de-respuesta-inmediata-motorizada-no5\/","title":{"rendered":"GRUPO DE RESPUESTA INMEDIATA MOTORIZADA N\u00ba5"},"content":{"rendered":"<p>La Polcia demoro a un hombre y secuestro herramientas de dudosa procedencia.<br \/>\nEn la ma\u00f1ana de hoy 24-04-26, efectivos del Grupo de Respuesta Inmediata Motorizada N\u00ba5 -G.R.I.M. V-, en el marco de recorridas de prevenci\u00f3n, lograron la demora de un hombre y el secuestro de diversos elementos.<\/p>\n<p>El procedimiento lo realizaron alrededor de las 08:15 horas, en inmediaciones de Avenida<a href=\"https:\/\/revistaesperanzas.com\/web\/2026\/04\/grupo-de-respuesta-inmediata-motorizada-no5\/whatsapp-image-2026-04-24-at-13-09-49\/\" rel=\"attachment wp-att-150582\"><img loading=\"lazy\" decoding=\"async\" class=\" wp-image-150582 alignright\" src=\"https:\/\/revistaesperanzas.com\/web\/wp-content\/uploads\/2026\/04\/WhatsApp-Image-2026-04-24-at-13.09.49.jpeg\" alt=\"\" width=\"500\" height=\"350\" srcset=\"https:\/\/revistaesperanzas.com\/web\/wp-content\/uploads\/2026\/04\/WhatsApp-Image-2026-04-24-at-13.09.49.jpeg 600w, https:\/\/revistaesperanzas.com\/web\/wp-content\/uploads\/2026\/04\/WhatsApp-Image-2026-04-24-at-13.09.49-100x70.jpeg 100w\" sizes=\"auto, (max-width: 500px) 100vw, 500px\" \/><\/a> Maip\u00fa y calle Comechingones, donde observaron a un sujeto que transportaba una termera, mientras merodeaba mirando detenidamente los veh\u00edculos estacionados y domicilios la zona, por lo que se procedi\u00f3 a la identificaci\u00f3n y demora del mismo, trat\u00e1ndose de un hombre mayor de edad, quien ten\u00eda en su poder una termera -marca Kala-, un par de zapatillas -marca Road-, diversas herramientas como ser pinzas, alicate y pico de loro, un taladro con su mecha y un tensi\u00f3metro digital autom\u00e1tico -marca Omron-, de los cuales no supo justificar la propiedad, secuestr\u00e1ndose preventivamente los mismos.<\/p>\n<p>El demorado junto a lo secuestrado fue trasladado a la Comisar\u00eda 15\u00ba Urbana, donde qued\u00f3 a disposici\u00f3n de la autoridad competente, continu\u00e1ndose con las diligencias de rigor.<\/p>\n","protected":false},"excerpt":{"rendered":"<p>La Polcia demoro a un hombre y secuestro herramientas de dudosa procedencia. En la ma\u00f1ana de hoy 24-04-26, efectivos del Grupo de Respuesta Inmediata Motorizada N\u00ba5 -G.R.I.M. V-, en el marco de recorridas de prevenci\u00f3n, lograron la demora de un hombre y el secuestro de diversos elementos. El procedimiento lo realizaron alrededor de las 08:15 [&hellip;]<\/p>\n","protected":false},"author":4,"featured_media":150579,"comment_status":"closed","ping_status":"closed","sticky":false,"template":"","format":"standard","meta":{"footnotes":""},"categories":[58],"tags":[],"class_list":{"0":"post-150578","1":"post","2":"type-post","3":"status-publish","4":"format-standard","5":"has-post-thumbnail","7":"category-corrientes"},"_links":{"self":[{"href":"https:\/\/revistaesperanzas.com\/web\/wp-json\/wp\/v2\/posts\/150578","targetHints":{"allow":["GET"]}}],"collection":[{"href":"https:\/\/revistaesperanzas.com\/web\/wp-json\/wp\/v2\/posts"}],"about":[{"href":"https:\/\/revistaesperanzas.com\/web\/wp-json\/wp\/v2\/types\/post"}],"author":[{"embeddable":true,"href":"https:\/\/revistaesperanzas.com\/web\/wp-json\/wp\/v2\/users\/4"}],"replies":[{"embeddable":true,"href":"https:\/\/revistaesperanzas.com\/web\/wp-json\/wp\/v2\/comments?post=150578"}],"version-history":[{"count":2,"href":"https:\/\/revistaesperanzas.com\/web\/wp-json\/wp\/v2\/posts\/150578\/revisions"}],"predecessor-version":[{"id":150583,"href":"https:\/\/revistaesperanzas.com\/web\/wp-json\/wp\/v2\/posts\/150578\/revisions\/150583"}],"wp:featuredmedia":[{"embeddable":true,"href":"https:\/\/revistaesperanzas.com\/web\/wp-json\/wp\/v2\/media\/150579"}],"wp:attachment":[{"href":"https:\/\/revistaesperanzas.com\/web\/wp-json\/wp\/v2\/media?parent=150578"}],"wp:term":[{"taxonomy":"category","embeddable":true,"href":"https:\/\/revistaesperanzas.com\/web\/wp-json\/wp\/v2\/categories?post=150578"},{"taxonomy":"post_tag","embeddable":true,"href":"https:\/\/revistaesperanzas.com\/web\/wp-json\/wp\/v2\/tags?post=150578"}],"curies":[{"name":"wp","href":"https:\/\/api.w.org\/{rel}","templated":true}]}}