{"id":150634,"date":"2026-04-24T22:18:34","date_gmt":"2026-04-25T01:18:34","guid":{"rendered":"https:\/\/revistaesperanzas.com\/web\/?p=150634"},"modified":"2026-04-24T22:18:34","modified_gmt":"2026-04-25T01:18:34","slug":"diputados-provinciales-presentaron-un-proyyecto-para-que-la-nacion-ejecute-obras-de-seguridad-en-el-puente-gral-belgrano","status":"publish","type":"post","link":"https:\/\/revistaesperanzas.com\/web\/2026\/04\/diputados-provinciales-presentaron-un-proyyecto-para-que-la-nacion-ejecute-obras-de-seguridad-en-el-puente-gral-belgrano\/","title":{"rendered":"DIPUTADOS PROVINCIALES PRESENTARON UN PROYYECTO PARA QUE LA NACION EJEC\u00daTE OBRAS DE SEGURIDAD EN EL PUENTE GRAL. BELGRANO"},"content":{"rendered":"<p>La diputada provincial Sof\u00eda Brambilla junto a sus pares Norberto Ast y Hugo Calvano, ingresaron en la C\u00e1mara baja un Proyecto de Declaraci\u00f3n que solicita al Poder Ejecutivo Nacional y a la Direcci\u00f3n Nacional de Vialidad la ejecuci\u00f3n de barreras f\u00edsicas de seguridad, el refuerzo de la videovigilancia, la iluminaci\u00f3n y la presencia de Gendarmer\u00eda Nacional en el puente que une Corrientes y Resistencia. La iniciativa se inscribe en las recomendaciones de la Organizaci\u00f3n Mundial de la Salud y en la Ley Nacional N\u00b0 27.130 de Prevenci\u00f3n del Suicidio.<\/p>\n<p>La diputados Sofia Brambilla, Norberto Ast y Hugo Calvano presentaron un Proyecto de Declaraci\u00f3n ante la Honorable C\u00e1mara de Diputados de Corrientes con el objetivo de que el Estado Nacional adopte medidas de seguridad en el Puente General Manuel Belgrano, principal v\u00eda de conexi\u00f3n interprovincial entre Corrientes y Chaco, en el marco de una pol\u00edtica integral de prevenci\u00f3n y de cuidado de la vida.<\/p>\n<p>&#8220;Queremos que el Estado act\u00fae con seriedad, con evidencia y con respeto a los derechos de todas las personas. La evidencia internacional demuestra que hay medidas concretas que pueden adoptarse, y proponemos que se adopten&#8221;, se\u00f1al\u00f3 Brambilla.<\/p>\n<p>Qu\u00e9 propone el proyecto<\/p>\n<p>La Declaraci\u00f3n expresa que la C\u00e1mara de Diputados ver\u00eda con agrado que el Poder Ejecutivo Nacional, a trav\u00e9s de la Direcci\u00f3n Nacional de Vialidad y los organismos competentes, arbitre medidas en seis ejes:<\/p>\n<p>\u2022 La proyecci\u00f3n y ejecuci\u00f3n de barreras f\u00edsicas de seguridad en toda la extensi\u00f3n del puente, conforme a los est\u00e1ndares internacionales recomendados por la Organizaci\u00f3n Mundial de la Salud.<\/p>\n<p>\u2022 El establecimiento, durante el per\u00edodo de obra, de medidas transitorias de restricci\u00f3n del tr\u00e1nsito peatonal sobre el puente.<\/p>\n<p>\u2022 La instalaci\u00f3n de tel\u00e9fonos de emergencia con comunicaci\u00f3n directa a l\u00edneas de atenci\u00f3n en crisis en puntos estrat\u00e9gicos del puente y sus accesos.<\/p>\n<p>\u2022 El refuerzo del sistema de videovigilancia con monitoreo permanente las veinticuatro horas.<\/p>\n<p>\u2022 El refuerzo de la iluminaci\u00f3n del puente y la mejora de la se\u00f1alizaci\u00f3n de acceso.<\/p>\n<p>\u2022 La presencia permanente de personal de Gendarmer\u00eda Nacional con capacitaci\u00f3n espec\u00edfica, articulado con los sistemas de salud mental de las provincias de Corrientes y Chaco.<\/p>\n<p>Un enfoque basado en evidencia y en derechos<\/p>\n<p>Los fundamentos del proyecto se apoyan en la gu\u00eda LIVE LIFE de la Organizaci\u00f3n Mundial de la Salud (2021), que identifica la restricci\u00f3n del acceso a medios como una de las intervenciones estructurales m\u00e1s efectivas y costo-efectivas en pol\u00edticas de prevenci\u00f3n. Se citan antecedentes de puentes con barreras de seguridad en Toronto (Canad\u00e1), Bristol (Reino Unido), San Diego y San Francisco (Estados Unidos), donde la evidencia muestra reducciones sostenidas.<\/p>\n<p>El proyecto tambi\u00e9n se\u00f1ala que cualquier medida sobre el tr\u00e1nsito peatonal debe satisfacer un test estricto de proporcionalidad seg\u00fan el art\u00edculo 14 de la Constituci\u00f3n Nacional, el art\u00edculo 22 de la Convenci\u00f3n Americana sobre Derechos Humanos y la doctrina de la Corte Interamericana de Derechos Humanos, de modo que las restricciones transitorias solo se justifican acompa\u00f1adas de obras estructurales y garant\u00edas a quienes dependen del cruce cotidiano.<\/p>\n<p>&#8220;La iniciativa no pretende ofrecer una respuesta \u00fanica ni definitiva a un fen\u00f3meno complejo que requiere miradas m\u00faltiples. S\u00ed aspira a poner el tema en la agenda p\u00fablica regional con la seriedad que merece y a fortalecer las pol\u00edticas de salud mental en nuestro territorio&#8221;, remarc\u00f3 Brambilla.<\/p>\n","protected":false},"excerpt":{"rendered":"<p>La diputada provincial Sof\u00eda Brambilla junto a sus pares Norberto Ast y Hugo Calvano, ingresaron en la C\u00e1mara baja un Proyecto de Declaraci\u00f3n que solicita al Poder Ejecutivo Nacional y a la Direcci\u00f3n Nacional de Vialidad la ejecuci\u00f3n de barreras f\u00edsicas de seguridad, el refuerzo de la videovigilancia, la iluminaci\u00f3n y la presencia de Gendarmer\u00eda [&hellip;]<\/p>\n","protected":false},"author":4,"featured_media":150635,"comment_status":"closed","ping_status":"closed","sticky":false,"template":"","format":"standard","meta":{"footnotes":""},"categories":[58],"tags":[],"class_list":{"0":"post-150634","1":"post","2":"type-post","3":"status-publish","4":"format-standard","5":"has-post-thumbnail","7":"category-corrientes"},"_links":{"self":[{"href":"https:\/\/revistaesperanzas.com\/web\/wp-json\/wp\/v2\/posts\/150634","targetHints":{"allow":["GET"]}}],"collection":[{"href":"https:\/\/revistaesperanzas.com\/web\/wp-json\/wp\/v2\/posts"}],"about":[{"href":"https:\/\/revistaesperanzas.com\/web\/wp-json\/wp\/v2\/types\/post"}],"author":[{"embeddable":true,"href":"https:\/\/revistaesperanzas.com\/web\/wp-json\/wp\/v2\/users\/4"}],"replies":[{"embeddable":true,"href":"https:\/\/revistaesperanzas.com\/web\/wp-json\/wp\/v2\/comments?post=150634"}],"version-history":[{"count":1,"href":"https:\/\/revistaesperanzas.com\/web\/wp-json\/wp\/v2\/posts\/150634\/revisions"}],"predecessor-version":[{"id":150636,"href":"https:\/\/revistaesperanzas.com\/web\/wp-json\/wp\/v2\/posts\/150634\/revisions\/150636"}],"wp:featuredmedia":[{"embeddable":true,"href":"https:\/\/revistaesperanzas.com\/web\/wp-json\/wp\/v2\/media\/150635"}],"wp:attachment":[{"href":"https:\/\/revistaesperanzas.com\/web\/wp-json\/wp\/v2\/media?parent=150634"}],"wp:term":[{"taxonomy":"category","embeddable":true,"href":"https:\/\/revistaesperanzas.com\/web\/wp-json\/wp\/v2\/categories?post=150634"},{"taxonomy":"post_tag","embeddable":true,"href":"https:\/\/revistaesperanzas.com\/web\/wp-json\/wp\/v2\/tags?post=150634"}],"curies":[{"name":"wp","href":"https:\/\/api.w.org\/{rel}","templated":true}]}}