{"id":150661,"date":"2026-04-25T21:11:21","date_gmt":"2026-04-26T00:11:21","guid":{"rendered":"https:\/\/revistaesperanzas.com\/web\/?p=150661"},"modified":"2026-04-25T21:11:21","modified_gmt":"2026-04-26T00:11:21","slug":"entrega-de-credenciales-de-prensa","status":"publish","type":"post","link":"https:\/\/revistaesperanzas.com\/web\/2026\/04\/entrega-de-credenciales-de-prensa\/","title":{"rendered":"ENTREGA DE CREDENCIALES DE PRENSA"},"content":{"rendered":"<p style=\"font-weight: 400;\">Desde el martes 28 de abril se entregar\u00e1n credenciales de prensa a medios acreditados<\/p>\n<p style=\"font-weight: 400;\">El \u00c1rea de Prensa de la\u00a0<a href=\"http:\/\/co.mu.pe\/\" data-saferedirecturl=\"https:\/\/www.google.com\/url?q=http:\/\/CO.MU.PE&amp;source=gmail&amp;ust=1777248050322000&amp;usg=AOvVaw0xlspc5as0PHRKPgdbbOpx\">CO.MU.PE<\/a>., informo que, a partir del martes 28 de abril, desde las 8:00 horas, comenzar\u00e1 la entrega de credenciales destinadas a periodistas, medios de comunicaci\u00f3n y creadores de contenido que realizar\u00e1n la cobertura oficial de la 49\u00b0 Fiesta Nacional del Surub\u00ed.<\/p>\n<p style=\"font-weight: 400;\">La entrega se realizar\u00e1 en la Carpa de Prensa, ubicada dentro del Predio Costa Surub\u00ed, un espacio especialmente acondicionado para la atenci\u00f3n de los medios, donde podr\u00e1n retirar sus credenciales y acceder a la informaci\u00f3n necesaria para el desarrollo de su trabajo.<\/p>\n<p style=\"font-weight: 400;\">Desde la organizaci\u00f3n se destaca el rol fundamental de los medios en la difusi\u00f3n de la fiesta, tanto a nivel regional como nacional, y se solicita respetar los horarios establecidos para agilizar el proceso de acreditaci\u00f3n.<\/p>\n<p style=\"font-weight: 400;\">La cobertura period\u00edstica es uno de los pilares en la proyecci\u00f3n de la Fiesta Nacional del Surub\u00ed, permitiendo ampliar su alcance y consolidar su posicionamiento como uno de los eventos m\u00e1s emblem\u00e1ticos del pa\u00eds.<\/p>\n<p style=\"font-weight: 400;\">El r\u00edo nos une y el Mundial de Pesca nos vuelve a encontrar.<\/p>\n","protected":false},"excerpt":{"rendered":"<p>Desde el martes 28 de abril se entregar\u00e1n credenciales de prensa a medios acreditados El \u00c1rea de Prensa de la\u00a0CO.MU.PE., informo que, a partir del martes 28 de abril, desde las 8:00 horas, comenzar\u00e1 la entrega de credenciales destinadas a periodistas, medios de comunicaci\u00f3n y creadores de contenido que realizar\u00e1n la cobertura oficial de la [&hellip;]<\/p>\n","protected":false},"author":4,"featured_media":150662,"comment_status":"closed","ping_status":"closed","sticky":false,"template":"","format":"standard","meta":{"footnotes":""},"categories":[45],"tags":[],"class_list":{"0":"post-150661","1":"post","2":"type-post","3":"status-publish","4":"format-standard","5":"has-post-thumbnail","7":"category-locales"},"_links":{"self":[{"href":"https:\/\/revistaesperanzas.com\/web\/wp-json\/wp\/v2\/posts\/150661","targetHints":{"allow":["GET"]}}],"collection":[{"href":"https:\/\/revistaesperanzas.com\/web\/wp-json\/wp\/v2\/posts"}],"about":[{"href":"https:\/\/revistaesperanzas.com\/web\/wp-json\/wp\/v2\/types\/post"}],"author":[{"embeddable":true,"href":"https:\/\/revistaesperanzas.com\/web\/wp-json\/wp\/v2\/users\/4"}],"replies":[{"embeddable":true,"href":"https:\/\/revistaesperanzas.com\/web\/wp-json\/wp\/v2\/comments?post=150661"}],"version-history":[{"count":1,"href":"https:\/\/revistaesperanzas.com\/web\/wp-json\/wp\/v2\/posts\/150661\/revisions"}],"predecessor-version":[{"id":150663,"href":"https:\/\/revistaesperanzas.com\/web\/wp-json\/wp\/v2\/posts\/150661\/revisions\/150663"}],"wp:featuredmedia":[{"embeddable":true,"href":"https:\/\/revistaesperanzas.com\/web\/wp-json\/wp\/v2\/media\/150662"}],"wp:attachment":[{"href":"https:\/\/revistaesperanzas.com\/web\/wp-json\/wp\/v2\/media?parent=150661"}],"wp:term":[{"taxonomy":"category","embeddable":true,"href":"https:\/\/revistaesperanzas.com\/web\/wp-json\/wp\/v2\/categories?post=150661"},{"taxonomy":"post_tag","embeddable":true,"href":"https:\/\/revistaesperanzas.com\/web\/wp-json\/wp\/v2\/tags?post=150661"}],"curies":[{"name":"wp","href":"https:\/\/api.w.org\/{rel}","templated":true}]}}