{"id":150665,"date":"2026-04-26T19:13:47","date_gmt":"2026-04-26T22:13:47","guid":{"rendered":"https:\/\/revistaesperanzas.com\/web\/?p=150665"},"modified":"2026-04-26T19:13:47","modified_gmt":"2026-04-26T22:13:47","slug":"salud-mental-taller-multifamiliar","status":"publish","type":"post","link":"https:\/\/revistaesperanzas.com\/web\/2026\/04\/salud-mental-taller-multifamiliar\/","title":{"rendered":"Salud Mental  TALLER MULTIFAMILIAR"},"content":{"rendered":"<p style=\"font-weight: 400;\">La Direcci\u00f3n de Salud Mental de Goya Fortalece el Acompa\u00f1amiento Emocional:<\/p>\n<p style=\"font-weight: 400;\"><a href=\"https:\/\/revistaesperanzas.com\/web\/2026\/04\/salud-mental-taller-multifamiliar\/salud-mental-taller-de-duelo-flyr\/\" rel=\"attachment wp-att-150667\"><img loading=\"lazy\" decoding=\"async\" class=\" wp-image-150667 alignleft\" src=\"https:\/\/revistaesperanzas.com\/web\/wp-content\/uploads\/2026\/04\/Salud-Mental-Taller-de-duelo-Flyr.jpg\" alt=\"\" width=\"351\" height=\"439\" srcset=\"https:\/\/revistaesperanzas.com\/web\/wp-content\/uploads\/2026\/04\/Salud-Mental-Taller-de-duelo-Flyr.jpg 500w, https:\/\/revistaesperanzas.com\/web\/wp-content\/uploads\/2026\/04\/Salud-Mental-Taller-de-duelo-Flyr-336x420.jpg 336w\" sizes=\"auto, (max-width: 351px) 100vw, 351px\" \/><\/a>La mencionada \u00e1rea municipal prepara para la pr\u00f3xima semana, el martes 28 Un Espacio Seguro para el Duelo: Nueva Convocatoria Abierta a la Comunidad<\/p>\n<p style=\"font-weight: 400;\">La Direcci\u00f3n de Salud Mental de Goya contin\u00faa consolidando su compromiso con el bienestar emocional de la comunidad a trav\u00e9s de diversas iniciativas. Recientemente, se llev\u00f3 a cabo el Taller Multifamiliar de bienestar emocional, un espacio vital que reuni\u00f3 a acompa\u00f1antes, residentes y usuarios para abordar de manera activa las complejidades emocionales y situaciones cotidianas que surgen en el \u00e1mbito familiar y de los tratamientos.<\/p>\n<p style=\"font-weight: 400;\">La jornada, liderada por la Directora de Salud Mental, la Lic. Sabrina Coronel, en conjunto con el Lic. Rodrigo Giordano, se caracteriz\u00f3 por su enfoque pr\u00e1ctico e interactivo. A trav\u00e9s de ejemplos concretos y din\u00e1micas grupales, los participantes pudieron conectar, expresar sus sentimientos y adquirir estrategias fundamentales para el manejo del estr\u00e9s y el fortalecimiento de los v\u00ednculos. El cierre del taller, con un conmovedor momento musical a cargo del Lic. Giordano, permiti\u00f3 a todos los presentes relajar y canalizar emociones, reforzando la importancia de la expresi\u00f3n art\u00edstica como v\u00eda de bienestar. La participaci\u00f3n activa de residentes y usuarios, junto a los acompa\u00f1antes, subraya la visi\u00f3n integral de la Direcci\u00f3n en brindar apoyo terap\u00e9utico desde m\u00faltiples frentes.<a href=\"https:\/\/revistaesperanzas.com\/web\/2026\/04\/salud-mental-taller-multifamiliar\/salud-mental-taller-multifamiliar-1\/\" rel=\"attachment wp-att-150668\"><img loading=\"lazy\" decoding=\"async\" class=\" wp-image-150668 alignright\" src=\"https:\/\/revistaesperanzas.com\/web\/wp-content\/uploads\/2026\/04\/Salud-Mental-Taller-Multifamiliar-1.jpg\" alt=\"\" width=\"350\" height=\"438\" srcset=\"https:\/\/revistaesperanzas.com\/web\/wp-content\/uploads\/2026\/04\/Salud-Mental-Taller-Multifamiliar-1.jpg 500w, https:\/\/revistaesperanzas.com\/web\/wp-content\/uploads\/2026\/04\/Salud-Mental-Taller-Multifamiliar-1-336x420.jpg 336w\" sizes=\"auto, (max-width: 350px) 100vw, 350px\" \/><\/a><\/p>\n<p style=\"font-weight: 400;\">Vale destacar que el mencionado taller se realiz\u00f3 en las dependencias del Centro de D\u00eda \u201cEnrique Pich\u00f3n Riviere\u201d<\/p>\n<p style=\"font-weight: 400;\">TALLER DE DUELO<\/p>\n<p style=\"font-weight: 400;\">Un Espacio Seguro para el Duelo: Nueva Convocatoria Abierta a la Comunidad<\/p>\n<p style=\"font-weight: 400;\">Continuando con esta l\u00ednea de trabajo, la Direcci\u00f3n de Salud Mental anuncia la creaci\u00f3n de un nuevo espacio de contenci\u00f3n: el Taller de Duelo. Este taller est\u00e1 dise\u00f1ado para ofrecer un lugar seguro y de acompa\u00f1amiento ante las diversas formas de p\u00e9rdida que atraviesan las personas, entendiendo que el duelo no se limita \u00fanicamente a la p\u00e9rdida de un ser querido.<\/p>\n<p style=\"font-weight: 400;\">&#8220;Desde la Direcci\u00f3n de Salud Mental, creemos firmemente en la necesidad de acompa\u00f1ar a nuestra comunidad en todos sus procesos emocionales. El duelo es una experiencia universal, pero a menudo solitaria y compleja. Por ello, este taller est\u00e1 pensado para brindar apoyo no solo ante la p\u00e9rdida de un familiar o amigo, sino tambi\u00e9n para quienes transitan el dolor que dejan las rupturas de relaciones significativas, la p\u00e9rdida de amistades, la desvinculaci\u00f3n laboral o la p\u00e9rdida de un proyecto de vida&#8221;, explica la Lic. Sabrina Coronel, Directora de Salud Mental. &#8220;Es un espacio donde, m\u00e1s all\u00e1 de la atenci\u00f3n individual con especialistas, nos encontramos entre pares, comprendiendo que el camino del duelo se puede transitar de manera m\u00e1s acompa\u00f1ada y constructiva. Queremos que cada participante se sienta contenido y encuentre apoyo para resignificar su experiencia en un ambiente de escucha y respeto&#8221;.<a href=\"https:\/\/revistaesperanzas.com\/web\/2026\/04\/salud-mental-taller-multifamiliar\/salud-mental-taller-multifamiliar-2\/\" rel=\"attachment wp-att-150669\"><img loading=\"lazy\" decoding=\"async\" class=\" wp-image-150669 alignleft\" src=\"https:\/\/revistaesperanzas.com\/web\/wp-content\/uploads\/2026\/04\/Salud-Mental-Taller-Multifamiliar-2.jpg\" alt=\"\" width=\"351\" height=\"439\" srcset=\"https:\/\/revistaesperanzas.com\/web\/wp-content\/uploads\/2026\/04\/Salud-Mental-Taller-Multifamiliar-2.jpg 500w, https:\/\/revistaesperanzas.com\/web\/wp-content\/uploads\/2026\/04\/Salud-Mental-Taller-Multifamiliar-2-336x420.jpg 336w\" sizes=\"auto, (max-width: 351px) 100vw, 351px\" \/><\/a><\/p>\n<p style=\"font-weight: 400;\">Se invita a participar del taller de duelo, la convocatoria abierta a la comunidad est\u00e1 previsto para el martes 28 de abril, desde las 16 horas, en el Centro de D\u00eda Municipal &#8220;Pich\u00f3n Riviere&#8221; (Av. Sarmiento N\u00b0 904, esquina Jos\u00e9 Mar\u00eda Soto)<\/p>\n<p style=\"font-weight: 400;\">&#8211; Modalidad: Abierto a todo p\u00fablico.<\/p>\n<p style=\"font-weight: 400;\">&#8211; Inscripciones: Los interesados pueden inscribirse o solicitar m\u00e1s informaci\u00f3n enviando un mensaje de WhatsApp al 3777339378.<\/p>\n<p style=\"font-weight: 400;\">La Direcci\u00f3n de Salud Mental invita a toda la comunidad a sumarse a esta valiosa propuesta, reforzando su compromiso con la promoci\u00f3n de la salud mental y el bienestar integral en Goya.<\/p>\n","protected":false},"excerpt":{"rendered":"<p>La Direcci\u00f3n de Salud Mental de Goya Fortalece el Acompa\u00f1amiento Emocional: La mencionada \u00e1rea municipal prepara para la pr\u00f3xima semana, el martes 28 Un Espacio Seguro para el Duelo: Nueva Convocatoria Abierta a la Comunidad La Direcci\u00f3n de Salud Mental de Goya contin\u00faa consolidando su compromiso con el bienestar emocional de la comunidad a trav\u00e9s [&hellip;]<\/p>\n","protected":false},"author":4,"featured_media":150666,"comment_status":"closed","ping_status":"closed","sticky":false,"template":"","format":"standard","meta":{"footnotes":""},"categories":[45],"tags":[],"class_list":{"0":"post-150665","1":"post","2":"type-post","3":"status-publish","4":"format-standard","5":"has-post-thumbnail","7":"category-locales"},"_links":{"self":[{"href":"https:\/\/revistaesperanzas.com\/web\/wp-json\/wp\/v2\/posts\/150665","targetHints":{"allow":["GET"]}}],"collection":[{"href":"https:\/\/revistaesperanzas.com\/web\/wp-json\/wp\/v2\/posts"}],"about":[{"href":"https:\/\/revistaesperanzas.com\/web\/wp-json\/wp\/v2\/types\/post"}],"author":[{"embeddable":true,"href":"https:\/\/revistaesperanzas.com\/web\/wp-json\/wp\/v2\/users\/4"}],"replies":[{"embeddable":true,"href":"https:\/\/revistaesperanzas.com\/web\/wp-json\/wp\/v2\/comments?post=150665"}],"version-history":[{"count":2,"href":"https:\/\/revistaesperanzas.com\/web\/wp-json\/wp\/v2\/posts\/150665\/revisions"}],"predecessor-version":[{"id":150671,"href":"https:\/\/revistaesperanzas.com\/web\/wp-json\/wp\/v2\/posts\/150665\/revisions\/150671"}],"wp:featuredmedia":[{"embeddable":true,"href":"https:\/\/revistaesperanzas.com\/web\/wp-json\/wp\/v2\/media\/150666"}],"wp:attachment":[{"href":"https:\/\/revistaesperanzas.com\/web\/wp-json\/wp\/v2\/media?parent=150665"}],"wp:term":[{"taxonomy":"category","embeddable":true,"href":"https:\/\/revistaesperanzas.com\/web\/wp-json\/wp\/v2\/categories?post=150665"},{"taxonomy":"post_tag","embeddable":true,"href":"https:\/\/revistaesperanzas.com\/web\/wp-json\/wp\/v2\/tags?post=150665"}],"curies":[{"name":"wp","href":"https:\/\/api.w.org\/{rel}","templated":true}]}}