{"id":150672,"date":"2026-04-26T19:16:17","date_gmt":"2026-04-26T22:16:17","guid":{"rendered":"https:\/\/revistaesperanzas.com\/web\/?p=150672"},"modified":"2026-04-26T19:16:17","modified_gmt":"2026-04-26T22:16:17","slug":"1a-carrera-en-adhesion-a-la-fiesta-nacional-del-surubi","status":"publish","type":"post","link":"https:\/\/revistaesperanzas.com\/web\/2026\/04\/1a-carrera-en-adhesion-a-la-fiesta-nacional-del-surubi\/","title":{"rendered":"1\u00aa CARRERA EN ADHESI\u00d3N A LA FIESTA NACIONAL DEL SURUB\u00cd"},"content":{"rendered":"<p style=\"font-weight: 400;\">La convocatoria para esta prueba es el domingo 26 de abril, desde las 8 y 30 horas en la Prefectura Goya<a href=\"https:\/\/revistaesperanzas.com\/web\/2026\/04\/1a-carrera-en-adhesion-a-la-fiesta-nacional-del-surubi\/carrera-fns-prefectura-y-deportes-flyr-2-circuito-3-k\/\" rel=\"attachment wp-att-150674\"><img loading=\"lazy\" decoding=\"async\" class=\" wp-image-150674 alignleft\" src=\"https:\/\/revistaesperanzas.com\/web\/wp-content\/uploads\/2026\/04\/carrera-FNS-Prefectura-y-Deportes-Flyr-2-circuito-3-K.jpg\" alt=\"\" width=\"350\" height=\"438\" srcset=\"https:\/\/revistaesperanzas.com\/web\/wp-content\/uploads\/2026\/04\/carrera-FNS-Prefectura-y-Deportes-Flyr-2-circuito-3-K.jpg 500w, https:\/\/revistaesperanzas.com\/web\/wp-content\/uploads\/2026\/04\/carrera-FNS-Prefectura-y-Deportes-Flyr-2-circuito-3-K-336x420.jpg 336w\" sizes=\"auto, (max-width: 350px) 100vw, 350px\" \/><\/a><\/p>\n<p style=\"font-weight: 400;\">La carrera, organizada por la Direcci\u00f3n de Deportes de la Municipalidad de Goya y la Prefectura Naval Argentina, ofrecer\u00e1 distancias para todos los niveles: 3 km (participativa), 5 km y 10 km (competitivas). Con una particularidad la distancia de 5K est\u00e1 destinada a la competencia de interfuerzas.<\/p>\n<p style=\"font-weight: 400;\">Viv\u00ed una jornada deportiva \u00fanica en el marco de la fiesta m\u00e1s grande de nuestra ciudad, otro aspecto a resaltar de la carrera es su mirada solidaria, porque recibir\u00e1n donaciones para alumnos y elementos destinados a las escuelas de la Isla \u201cGuarapo\u201d y Paraje \u201cStella Maris\u201d.<a href=\"https:\/\/revistaesperanzas.com\/web\/2026\/04\/1a-carrera-en-adhesion-a-la-fiesta-nacional-del-surubi\/carrera-fns-prefectura-y-deportes-flyr-3-circuito-5-k\/\" rel=\"attachment wp-att-150675\"><img loading=\"lazy\" decoding=\"async\" class=\" wp-image-150675 alignright\" src=\"https:\/\/revistaesperanzas.com\/web\/wp-content\/uploads\/2026\/04\/carrera-FNS-Prefectura-y-Deportes-Flyr-3-circuito-5-K.jpg\" alt=\"\" width=\"350\" height=\"438\" srcset=\"https:\/\/revistaesperanzas.com\/web\/wp-content\/uploads\/2026\/04\/carrera-FNS-Prefectura-y-Deportes-Flyr-3-circuito-5-K.jpg 500w, https:\/\/revistaesperanzas.com\/web\/wp-content\/uploads\/2026\/04\/carrera-FNS-Prefectura-y-Deportes-Flyr-3-circuito-5-K-336x420.jpg 336w\" sizes=\"auto, (max-width: 350px) 100vw, 350px\" \/><\/a><\/p>\n<p style=\"font-weight: 400;\">CIRCUITOS OFICIALES<\/p>\n<p style=\"font-weight: 400;\">Ya est\u00e1n definidos los recorridos para cada distancia. Un circuito pensado para disfrutar, competir y vivir el running en un entorno \u00fanico.<\/p>\n<p style=\"font-weight: 400;\">Largada y llegada: Prefectura Naval Argentina \u2013 Goya<\/p>\n<p style=\"font-weight: 400;\">3K Participativa<\/p>\n<p style=\"font-weight: 400;\">Recorrido corto y accesible, ideal para quienes se inician o desean participar de manera recreativa.<\/p>\n<p style=\"font-weight: 400;\">\u00a05K Competitiva<\/p>\n<p style=\"font-weight: 400;\">Circuito din\u00e1mico y \u00e1gil, perfecto para quienes buscan velocidad y superaci\u00f3n personal.<a href=\"https:\/\/revistaesperanzas.com\/web\/2026\/04\/1a-carrera-en-adhesion-a-la-fiesta-nacional-del-surubi\/carrera-fns-prefectura-y-deportes-flyr-4-circuito-10-k\/\" rel=\"attachment wp-att-150676\"><img loading=\"lazy\" decoding=\"async\" class=\" wp-image-150676 alignleft\" src=\"https:\/\/revistaesperanzas.com\/web\/wp-content\/uploads\/2026\/04\/carrera-FNS-Prefectura-y-Deportes-Flyr-4-circuito-10-K.jpg\" alt=\"\" width=\"351\" height=\"439\" srcset=\"https:\/\/revistaesperanzas.com\/web\/wp-content\/uploads\/2026\/04\/carrera-FNS-Prefectura-y-Deportes-Flyr-4-circuito-10-K.jpg 500w, https:\/\/revistaesperanzas.com\/web\/wp-content\/uploads\/2026\/04\/carrera-FNS-Prefectura-y-Deportes-Flyr-4-circuito-10-K-336x420.jpg 336w\" sizes=\"auto, (max-width: 351px) 100vw, 351px\" \/><\/a><\/p>\n<p style=\"font-weight: 400;\">10K Competitiva<\/p>\n<p style=\"font-weight: 400;\">Recorrido m\u00e1s exigente, combinando ritmo, resistencia y estrategia a lo largo del circuito.<\/p>\n<p style=\"font-weight: 400;\">Puestos de hidrataci\u00f3n durante el recorrido<\/p>\n<p style=\"font-weight: 400;\">Circuito controlado y se\u00f1alizado<\/p>\n<p style=\"font-weight: 400;\">Cronometraje Instant\u00e1neo Yvera Cronometraje<\/p>\n<p style=\"font-weight: 400;\">Premiaci\u00f3n general y por categor\u00edas<\/p>\n<p style=\"font-weight: 400;\">Medalla finisher para todos los participantes<\/p>\n<p style=\"font-weight: 400;\">Sumate a esta gran propuesta en el marco de la Fiesta Nacional del Surub\u00ed, invitan Direcci\u00f3n de Deportes y Prefectura Goya<\/p>\n","protected":false},"excerpt":{"rendered":"<p>La convocatoria para esta prueba es el domingo 26 de abril, desde las 8 y 30 horas en la Prefectura Goya La carrera, organizada por la Direcci\u00f3n de Deportes de la Municipalidad de Goya y la Prefectura Naval Argentina, ofrecer\u00e1 distancias para todos los niveles: 3 km (participativa), 5 km y 10 km (competitivas). Con [&hellip;]<\/p>\n","protected":false},"author":4,"featured_media":150673,"comment_status":"closed","ping_status":"closed","sticky":false,"template":"","format":"standard","meta":{"footnotes":""},"categories":[45],"tags":[],"class_list":{"0":"post-150672","1":"post","2":"type-post","3":"status-publish","4":"format-standard","5":"has-post-thumbnail","7":"category-locales"},"_links":{"self":[{"href":"https:\/\/revistaesperanzas.com\/web\/wp-json\/wp\/v2\/posts\/150672","targetHints":{"allow":["GET"]}}],"collection":[{"href":"https:\/\/revistaesperanzas.com\/web\/wp-json\/wp\/v2\/posts"}],"about":[{"href":"https:\/\/revistaesperanzas.com\/web\/wp-json\/wp\/v2\/types\/post"}],"author":[{"embeddable":true,"href":"https:\/\/revistaesperanzas.com\/web\/wp-json\/wp\/v2\/users\/4"}],"replies":[{"embeddable":true,"href":"https:\/\/revistaesperanzas.com\/web\/wp-json\/wp\/v2\/comments?post=150672"}],"version-history":[{"count":2,"href":"https:\/\/revistaesperanzas.com\/web\/wp-json\/wp\/v2\/posts\/150672\/revisions"}],"predecessor-version":[{"id":150678,"href":"https:\/\/revistaesperanzas.com\/web\/wp-json\/wp\/v2\/posts\/150672\/revisions\/150678"}],"wp:featuredmedia":[{"embeddable":true,"href":"https:\/\/revistaesperanzas.com\/web\/wp-json\/wp\/v2\/media\/150673"}],"wp:attachment":[{"href":"https:\/\/revistaesperanzas.com\/web\/wp-json\/wp\/v2\/media?parent=150672"}],"wp:term":[{"taxonomy":"category","embeddable":true,"href":"https:\/\/revistaesperanzas.com\/web\/wp-json\/wp\/v2\/categories?post=150672"},{"taxonomy":"post_tag","embeddable":true,"href":"https:\/\/revistaesperanzas.com\/web\/wp-json\/wp\/v2\/tags?post=150672"}],"curies":[{"name":"wp","href":"https:\/\/api.w.org\/{rel}","templated":true}]}}