{"id":150679,"date":"2026-04-26T19:22:15","date_gmt":"2026-04-26T22:22:15","guid":{"rendered":"https:\/\/revistaesperanzas.com\/web\/?p=150679"},"modified":"2026-04-26T19:22:15","modified_gmt":"2026-04-26T22:22:15","slug":"emprendedores-goyanos-expondran-en-la-expo-goya","status":"publish","type":"post","link":"https:\/\/revistaesperanzas.com\/web\/2026\/04\/emprendedores-goyanos-expondran-en-la-expo-goya\/","title":{"rendered":"EMPRENDEDORES GOYANOS EXPONDR\u00c1N EN LA EXPO GOYA"},"content":{"rendered":"<p style=\"font-weight: 400;\"><a href=\"https:\/\/revistaesperanzas.com\/web\/2026\/04\/emprendedores-goyanos-expondran-en-la-expo-goya\/emprendedores-goyanos-en-la-expo-flyr-2\/\" rel=\"attachment wp-att-150681\"><img loading=\"lazy\" decoding=\"async\" class=\" wp-image-150681 alignright\" src=\"https:\/\/revistaesperanzas.com\/web\/wp-content\/uploads\/2026\/04\/emprendedores-goyanos-en-la-expo-flyr-2.jpg\" alt=\"\" width=\"400\" height=\"500\" srcset=\"https:\/\/revistaesperanzas.com\/web\/wp-content\/uploads\/2026\/04\/emprendedores-goyanos-en-la-expo-flyr-2.jpg 500w, https:\/\/revistaesperanzas.com\/web\/wp-content\/uploads\/2026\/04\/emprendedores-goyanos-en-la-expo-flyr-2-336x420.jpg 336w\" sizes=\"auto, (max-width: 400px) 100vw, 400px\" \/><\/a>En el amplio espacio que brindara la Exposici\u00f3n preparada en el marco de la 49\u00aa Edici\u00f3n de la Fiesta Nacional del Surub\u00ed, los emprendedores goyanos contar\u00e1n con el \u00e1mbito para exhibir y comercializar sus productos.<\/p>\n<p style=\"font-weight: 400;\">Este grupo de emprendedores acompa\u00f1ados desde la gesti\u00f3n municipal a trav\u00e9s de la Direcci\u00f3n de Promoci\u00f3n Social, podr\u00e1n mostrar sus creaciones en la Expo Goya desde el 28 al 03 de mayo, desde las 9 horas, en el Multiespacio Ferial Costa Surub\u00ed.<\/p>\n","protected":false},"excerpt":{"rendered":"<p>En el amplio espacio que brindara la Exposici\u00f3n preparada en el marco de la 49\u00aa Edici\u00f3n de la Fiesta Nacional del Surub\u00ed, los emprendedores goyanos contar\u00e1n con el \u00e1mbito para exhibir y comercializar sus productos. Este grupo de emprendedores acompa\u00f1ados desde la gesti\u00f3n municipal a trav\u00e9s de la Direcci\u00f3n de Promoci\u00f3n Social, podr\u00e1n mostrar sus [&hellip;]<\/p>\n","protected":false},"author":4,"featured_media":150680,"comment_status":"closed","ping_status":"closed","sticky":false,"template":"","format":"standard","meta":{"footnotes":""},"categories":[45],"tags":[],"class_list":{"0":"post-150679","1":"post","2":"type-post","3":"status-publish","4":"format-standard","5":"has-post-thumbnail","7":"category-locales"},"_links":{"self":[{"href":"https:\/\/revistaesperanzas.com\/web\/wp-json\/wp\/v2\/posts\/150679","targetHints":{"allow":["GET"]}}],"collection":[{"href":"https:\/\/revistaesperanzas.com\/web\/wp-json\/wp\/v2\/posts"}],"about":[{"href":"https:\/\/revistaesperanzas.com\/web\/wp-json\/wp\/v2\/types\/post"}],"author":[{"embeddable":true,"href":"https:\/\/revistaesperanzas.com\/web\/wp-json\/wp\/v2\/users\/4"}],"replies":[{"embeddable":true,"href":"https:\/\/revistaesperanzas.com\/web\/wp-json\/wp\/v2\/comments?post=150679"}],"version-history":[{"count":2,"href":"https:\/\/revistaesperanzas.com\/web\/wp-json\/wp\/v2\/posts\/150679\/revisions"}],"predecessor-version":[{"id":150683,"href":"https:\/\/revistaesperanzas.com\/web\/wp-json\/wp\/v2\/posts\/150679\/revisions\/150683"}],"wp:featuredmedia":[{"embeddable":true,"href":"https:\/\/revistaesperanzas.com\/web\/wp-json\/wp\/v2\/media\/150680"}],"wp:attachment":[{"href":"https:\/\/revistaesperanzas.com\/web\/wp-json\/wp\/v2\/media?parent=150679"}],"wp:term":[{"taxonomy":"category","embeddable":true,"href":"https:\/\/revistaesperanzas.com\/web\/wp-json\/wp\/v2\/categories?post=150679"},{"taxonomy":"post_tag","embeddable":true,"href":"https:\/\/revistaesperanzas.com\/web\/wp-json\/wp\/v2\/tags?post=150679"}],"curies":[{"name":"wp","href":"https:\/\/api.w.org\/{rel}","templated":true}]}}