{"id":150684,"date":"2026-04-26T19:24:04","date_gmt":"2026-04-26T22:24:04","guid":{"rendered":"https:\/\/revistaesperanzas.com\/web\/?p=150684"},"modified":"2026-04-26T19:24:04","modified_gmt":"2026-04-26T22:24:04","slug":"jovenes-de-la-comunidad-de-san-pantaleon-visitan-el-hogar-de-ancianos-san-jose","status":"publish","type":"post","link":"https:\/\/revistaesperanzas.com\/web\/2026\/04\/jovenes-de-la-comunidad-de-san-pantaleon-visitan-el-hogar-de-ancianos-san-jose\/","title":{"rendered":"J\u00d3VENES DE LA COMUNIDAD DE SAN PANTALE\u00d3N VISITAN EL HOGAR DE ANCIANOS SAN JOS\u00c9"},"content":{"rendered":"<p style=\"font-weight: 400;\">Los j\u00f3venes que hacen su catequesis de confirmaci\u00f3n, en la comunidad de San Pantale\u00f3n,<a href=\"https:\/\/revistaesperanzas.com\/web\/2026\/04\/jovenes-de-la-comunidad-de-san-pantaleon-visitan-el-hogar-de-ancianos-san-jose\/jovenes-de-san-pantaleon-en-hogar-san-jose-1\/\" rel=\"attachment wp-att-150686\"><img loading=\"lazy\" decoding=\"async\" class=\" wp-image-150686 alignleft\" src=\"https:\/\/revistaesperanzas.com\/web\/wp-content\/uploads\/2026\/04\/JOVENES-DE-SAN-PANTALEON-EN-HOGAR-SAN-JOSE-1.jpg\" alt=\"\" width=\"449\" height=\"315\" srcset=\"https:\/\/revistaesperanzas.com\/web\/wp-content\/uploads\/2026\/04\/JOVENES-DE-SAN-PANTALEON-EN-HOGAR-SAN-JOSE-1.jpg 599w, https:\/\/revistaesperanzas.com\/web\/wp-content\/uploads\/2026\/04\/JOVENES-DE-SAN-PANTALEON-EN-HOGAR-SAN-JOSE-1-100x70.jpg 100w\" sizes=\"auto, (max-width: 449px) 100vw, 449px\" \/><\/a> como parte de su formaci\u00f3n catequ\u00edstica, asumiendo un compromiso a modo de apostolado junto a sus catequistas y un grupo de madres de esos j\u00f3venes asistieron en horas de la siesta, tarde al Hogar de Ancianos San Jos\u00e9<\/p>\n<p style=\"font-weight: 400;\">Animados por sus formadores Marta Mboria, Guillermo Vallejos, Eduardo y<a href=\"https:\/\/revistaesperanzas.com\/web\/2026\/04\/jovenes-de-la-comunidad-de-san-pantaleon-visitan-el-hogar-de-ancianos-san-jose\/jovenes-de-san-pantaleon-en-hogar-san-jose-2\/\" rel=\"attachment wp-att-150687\"><img loading=\"lazy\" decoding=\"async\" class=\" wp-image-150687 alignright\" src=\"https:\/\/revistaesperanzas.com\/web\/wp-content\/uploads\/2026\/04\/JOVENES-DE-SAN-PANTALEON-EN-HOGAR-SAN-JOSE-2.jpg\" alt=\"\" width=\"450\" height=\"315\" srcset=\"https:\/\/revistaesperanzas.com\/web\/wp-content\/uploads\/2026\/04\/JOVENES-DE-SAN-PANTALEON-EN-HOGAR-SAN-JOSE-2.jpg 600w, https:\/\/revistaesperanzas.com\/web\/wp-content\/uploads\/2026\/04\/JOVENES-DE-SAN-PANTALEON-EN-HOGAR-SAN-JOSE-2-100x70.jpg 100w\" sizes=\"auto, (max-width: 450px) 100vw, 450px\" \/><\/a> Ana Romano, los j\u00f3venes en su segundo a\u00f1o de confirmaci\u00f3n, dieron muestra de valores que incentivan a conformar una comunidad al servicio de los otros, en este caso para compartir con los adultos mayores esos gestos de amor, humildad y servicio<\/p>\n<p style=\"font-weight: 400;\">Tras la visita hecha a los \u201cabuelos\u201d, los j\u00f3venes, junto a sus catequistas y la comunidad de San Pantale\u00f3n proyectan hacer este servicio una vez por mes.<\/p>\n","protected":false},"excerpt":{"rendered":"<p>Los j\u00f3venes que hacen su catequesis de confirmaci\u00f3n, en la comunidad de San Pantale\u00f3n, como parte de su formaci\u00f3n catequ\u00edstica, asumiendo un compromiso a modo de apostolado junto a sus catequistas y un grupo de madres de esos j\u00f3venes asistieron en horas de la siesta, tarde al Hogar de Ancianos San Jos\u00e9 Animados por sus [&hellip;]<\/p>\n","protected":false},"author":4,"featured_media":150685,"comment_status":"closed","ping_status":"closed","sticky":false,"template":"","format":"standard","meta":{"footnotes":""},"categories":[45],"tags":[],"class_list":{"0":"post-150684","1":"post","2":"type-post","3":"status-publish","4":"format-standard","5":"has-post-thumbnail","7":"category-locales"},"_links":{"self":[{"href":"https:\/\/revistaesperanzas.com\/web\/wp-json\/wp\/v2\/posts\/150684","targetHints":{"allow":["GET"]}}],"collection":[{"href":"https:\/\/revistaesperanzas.com\/web\/wp-json\/wp\/v2\/posts"}],"about":[{"href":"https:\/\/revistaesperanzas.com\/web\/wp-json\/wp\/v2\/types\/post"}],"author":[{"embeddable":true,"href":"https:\/\/revistaesperanzas.com\/web\/wp-json\/wp\/v2\/users\/4"}],"replies":[{"embeddable":true,"href":"https:\/\/revistaesperanzas.com\/web\/wp-json\/wp\/v2\/comments?post=150684"}],"version-history":[{"count":2,"href":"https:\/\/revistaesperanzas.com\/web\/wp-json\/wp\/v2\/posts\/150684\/revisions"}],"predecessor-version":[{"id":150689,"href":"https:\/\/revistaesperanzas.com\/web\/wp-json\/wp\/v2\/posts\/150684\/revisions\/150689"}],"wp:featuredmedia":[{"embeddable":true,"href":"https:\/\/revistaesperanzas.com\/web\/wp-json\/wp\/v2\/media\/150685"}],"wp:attachment":[{"href":"https:\/\/revistaesperanzas.com\/web\/wp-json\/wp\/v2\/media?parent=150684"}],"wp:term":[{"taxonomy":"category","embeddable":true,"href":"https:\/\/revistaesperanzas.com\/web\/wp-json\/wp\/v2\/categories?post=150684"},{"taxonomy":"post_tag","embeddable":true,"href":"https:\/\/revistaesperanzas.com\/web\/wp-json\/wp\/v2\/tags?post=150684"}],"curies":[{"name":"wp","href":"https:\/\/api.w.org\/{rel}","templated":true}]}}