{"id":150706,"date":"2026-04-27T09:05:44","date_gmt":"2026-04-27T12:05:44","guid":{"rendered":"https:\/\/revistaesperanzas.com\/web\/?p=150706"},"modified":"2026-04-27T09:05:44","modified_gmt":"2026-04-27T12:05:44","slug":"dispositivo-de-seguridad-para-la-49-edicion-de-la-fiesta-nacional-del-surubi-a-llevarse-a-cabo-entre-los-dias-26-de-abril-y-hasta-el-04-de-mayo-del-2026","status":"publish","type":"post","link":"https:\/\/revistaesperanzas.com\/web\/2026\/04\/dispositivo-de-seguridad-para-la-49-edicion-de-la-fiesta-nacional-del-surubi-a-llevarse-a-cabo-entre-los-dias-26-de-abril-y-hasta-el-04-de-mayo-del-2026\/","title":{"rendered":"\u201cDISPOSITIVO DE SEGURIDAD PARA LA 49\u00b0 EDICION DE LA FIESTA NACIONAL DEL SURUBI, A LLEVARSE A CABO ENTRE LOS D\u00cdAS 26 DE ABRIL Y HASTA EL 04 DE MAYO DEL 2026\u201d"},"content":{"rendered":"<p>Desde el Ministerio de Seguridad, conjuntamente con la Polic\u00eda de la Provincia de Corrientes, a trav\u00e9s de la Direcci\u00f3n General de Coordinaci\u00f3n e Interior; la Unidad Regional II\u00b0 Goya; con la cooperaci\u00f3n de la distintas direcciones generales y con la estrecha colaboraci\u00f3n de la Municipalidad de Goya; se ha dispuesto un importante operativo de seguridad, con motivo de LA 49\u00ba EDICION DE LA FIESTA NACIONAL DEL SURUBI, a llevarse a cabo en la ciudad de Goya-Ctes., entre los d\u00edas 26 de abril y 04 de mayo del<a href=\"https:\/\/revistaesperanzas.com\/web\/2026\/04\/comupe-anuncia-horarios-de-entrada-gratuita-a-la-expo-goya-2026-2\/fns\/\" rel=\"attachment wp-att-149661\"><img loading=\"lazy\" decoding=\"async\" class=\" wp-image-149661 alignleft\" src=\"https:\/\/revistaesperanzas.com\/web\/wp-content\/uploads\/2026\/04\/FNS.jpg\" alt=\"\" width=\"445\" height=\"408\" srcset=\"https:\/\/revistaesperanzas.com\/web\/wp-content\/uploads\/2026\/04\/FNS.jpg 600w, https:\/\/revistaesperanzas.com\/web\/wp-content\/uploads\/2026\/04\/FNS-458x420.jpg 458w\" sizes=\"auto, (max-width: 445px) 100vw, 445px\" \/><\/a> corriente a\u00f1o y donde se prev\u00e9 una masiva concurrencia de p\u00fablico.<\/p>\n<p>Este Plan de Seguridad, se implementar\u00e1 antes, durante y despu\u00e9s de la culminaci\u00f3n de todas las actividades previstas, a fin de brindar seguridad, bas\u00e1ndose en la distribuci\u00f3n estrat\u00e9gica del recurso humano y materiales, para evitar la alteraci\u00f3n del orden p\u00fablico y la comisi\u00f3n de delitos; como as\u00ed tambi\u00e9n la seguridad Vial y actuar ante cualquier circunstancia que, amerite la intervenci\u00f3n policial, para que los eventos se desarrollan con total normalidad, esto incluye la coordinaci\u00f3n de actividades con los organizadores, otras fuerzas de seguridad y autoridades municipales, entre otras.<a href=\"https:\/\/revistaesperanzas.com\/web\/2026\/04\/basilica-de-itati\/whatsapp-image-2026-04-21-at-21-13-51-1\/\" rel=\"attachment wp-att-150345\"><img loading=\"lazy\" decoding=\"async\" class=\" wp-image-150345 alignleft\" src=\"https:\/\/revistaesperanzas.com\/web\/wp-content\/uploads\/2026\/04\/WhatsApp-Image-2026-04-21-at-21.13.51-1.jpeg\" alt=\"\" width=\"500\" height=\"375\" srcset=\"https:\/\/revistaesperanzas.com\/web\/wp-content\/uploads\/2026\/04\/WhatsApp-Image-2026-04-21-at-21.13.51-1.jpeg 600w, https:\/\/revistaesperanzas.com\/web\/wp-content\/uploads\/2026\/04\/WhatsApp-Image-2026-04-21-at-21.13.51-1-560x420.jpeg 560w, https:\/\/revistaesperanzas.com\/web\/wp-content\/uploads\/2026\/04\/WhatsApp-Image-2026-04-21-at-21.13.51-1-80x60.jpeg 80w, https:\/\/revistaesperanzas.com\/web\/wp-content\/uploads\/2026\/04\/WhatsApp-Image-2026-04-21-at-21.13.51-1-265x198.jpeg 265w\" sizes=\"auto, (max-width: 500px) 100vw, 500px\" \/><\/a><\/p>\n<p>Teniendo en cuenta, la gran afluencia de personas que convoca este evento, se dispondr\u00e1 que en los diferentes controles policiales y los distintos accesos, se advierta a los transportistas y conductores, sobre esta Fiesta que se desarrolla en la localidad de Goya, para que tomen las precauciones del caso.<\/p>\n<p>Asimismo, el Personal Policial, informar\u00e1 del evento a los conductores que circulen por la zona y regular\u00e1 la velocidad de los veh\u00edculos, haciendo hincapi\u00e9 sobre los de mayor porte (camiones; colectivos de larga distancia, etc.)<\/p>\n<p>Igualmente, las dem\u00e1s \u00e1reas y Comisarias de Distritos, dependientes de la Unidad Regional II\u00ba de Goya, acentuaran sus labores de prevenci\u00f3n y seguridad integral en las distintas zonas que componen su jurisdicci\u00f3n administrativa.<\/p>\n<p>De igual manera, a trav\u00e9s de la Direcci\u00f3n General de Seguridad Vial, las diferentes Unidades Especiales de Seguridad Vial, y de la Direcci\u00f3n general de Seguridad rural y ecol\u00f3gica implementaran controles viales y de informaci\u00f3n, en las distintas rutas tanto nacionales como provinciales, haci\u00e9ndolo especialmente en los accesos a la ciudad de Goya.<a href=\"https:\/\/revistaesperanzas.com\/web\/2026\/04\/operativo-integral-para-la-fns-2026-la-policia-de-goya-refuerza-la-seguridad-dentro-y-fuera-de-la-ciudad\/policia-de-corrientes-2\/\" rel=\"attachment wp-att-148860\"><img loading=\"lazy\" decoding=\"async\" class=\" wp-image-148860 alignright\" src=\"https:\/\/revistaesperanzas.com\/web\/wp-content\/uploads\/2026\/04\/POLICIA-DE-CORRIENTES.jpg\" alt=\"\" width=\"500\" height=\"350\" srcset=\"https:\/\/revistaesperanzas.com\/web\/wp-content\/uploads\/2026\/04\/POLICIA-DE-CORRIENTES.jpg 600w, https:\/\/revistaesperanzas.com\/web\/wp-content\/uploads\/2026\/04\/POLICIA-DE-CORRIENTES-100x70.jpg 100w\" sizes=\"auto, (max-width: 500px) 100vw, 500px\" \/><\/a><\/p>\n<p>Id\u00e9ntico trabajo, lo realizara el personal de destacado en el Control de Ruta Nacional N\u00ba 12 y Provincial N\u00ba 27 (Saladas), ya que existen personas que concurrir\u00e1n desde el norte de la Provincia y de Provincias vecinas, as\u00ed como tambi\u00e9n de Pa\u00edses Lim\u00edtrofes.<\/p>\n<p>Por ello, se solicita la colaboraci\u00f3n de los se\u00f1ores conductores y transportistas, extremar las medidas de seguridad, a efectos de evitar accidentes y caos vehicular.<\/p>\n<p>INFORMACION UTIL SEGURIDAD VIAL<a href=\"https:\/\/revistaesperanzas.com\/web\/2026\/03\/operativos-de-controles-vehiculares-en-distintos-puntos-de-goya\/transito-2-2\/\" rel=\"attachment wp-att-146065\"><img loading=\"lazy\" decoding=\"async\" class=\" wp-image-146065 alignleft\" src=\"https:\/\/revistaesperanzas.com\/web\/wp-content\/uploads\/2026\/03\/transito-2.jpeg\" alt=\"\" width=\"420\" height=\"287\" srcset=\"https:\/\/revistaesperanzas.com\/web\/wp-content\/uploads\/2026\/03\/transito-2.jpeg 600w, https:\/\/revistaesperanzas.com\/web\/wp-content\/uploads\/2026\/03\/transito-2-218x150.jpeg 218w\" sizes=\"auto, (max-width: 420px) 100vw, 420px\" \/><\/a><br \/>\nLos automovilistas, deber\u00e1n circular con prudencia, respetando las normas de tr\u00e1nsito, las indicaciones realizadas por el personal policial a trav\u00e9s de los distintos puestos fijos y m\u00f3viles, poseer las documentaciones que correspondan a la persona y al veh\u00edculo que conduce (Ley Nac. 24.449)<br \/>\n&#8211; Los rodados deber\u00e1n poseer las condiciones \u00f3ptimas de seguridad y transitabilidad.<br \/>\n&#8211; Uso obligatorio del cintur\u00f3n de seguridad para todos los ocupantes del veh\u00edculo.<a href=\"https:\/\/revistaesperanzas.com\/web\/2026\/04\/direccion-de-transito-de-goya-prepara-operativos-por-fiesta-nacional-del-surubi\/transito-1-2\/\" rel=\"attachment wp-att-149557\"><img loading=\"lazy\" decoding=\"async\" class=\" wp-image-149557 alignright\" src=\"https:\/\/revistaesperanzas.com\/web\/wp-content\/uploads\/2026\/04\/transito-1.jpeg\" alt=\"\" width=\"399\" height=\"258\" \/><\/a><br \/>\n&#8211; No exceder las velocidades permitidas.<br \/>\n&#8211; Uso obligatorio de las luces bajas en forma permanente.<br \/>\n&#8211; Respetar las se\u00f1alizaciones y mantener la distancia de frenado en ruta.<br \/>\n&#8211; A los motociclistas se les exigir\u00e1, adem\u00e1s de las documentaciones correspondientes, el uso del casco tanto para el conductor como el acompa\u00f1ante.<br \/>\n&#8211; Los menores de diez a\u00f1os deben viajar en los asientos traseros y con los cinturones de seguridad colocados,<br \/>\n&#8211; Los beb\u00e9s deber\u00e1n viajar con el Sistema de Retenci\u00f3n Infantil (SRI), conforme la legislaci\u00f3n vigente.<\/p>\n","protected":false},"excerpt":{"rendered":"<p>Desde el Ministerio de Seguridad, conjuntamente con la Polic\u00eda de la Provincia de Corrientes, a trav\u00e9s de la Direcci\u00f3n General de Coordinaci\u00f3n e Interior; la Unidad Regional II\u00b0 Goya; con la cooperaci\u00f3n de la distintas direcciones generales y con la estrecha colaboraci\u00f3n de la Municipalidad de Goya; se ha dispuesto un importante operativo de seguridad, [&hellip;]<\/p>\n","protected":false},"author":4,"featured_media":150346,"comment_status":"closed","ping_status":"closed","sticky":false,"template":"","format":"standard","meta":{"footnotes":""},"categories":[58],"tags":[],"class_list":{"0":"post-150706","1":"post","2":"type-post","3":"status-publish","4":"format-standard","5":"has-post-thumbnail","7":"category-corrientes"},"_links":{"self":[{"href":"https:\/\/revistaesperanzas.com\/web\/wp-json\/wp\/v2\/posts\/150706","targetHints":{"allow":["GET"]}}],"collection":[{"href":"https:\/\/revistaesperanzas.com\/web\/wp-json\/wp\/v2\/posts"}],"about":[{"href":"https:\/\/revistaesperanzas.com\/web\/wp-json\/wp\/v2\/types\/post"}],"author":[{"embeddable":true,"href":"https:\/\/revistaesperanzas.com\/web\/wp-json\/wp\/v2\/users\/4"}],"replies":[{"embeddable":true,"href":"https:\/\/revistaesperanzas.com\/web\/wp-json\/wp\/v2\/comments?post=150706"}],"version-history":[{"count":1,"href":"https:\/\/revistaesperanzas.com\/web\/wp-json\/wp\/v2\/posts\/150706\/revisions"}],"predecessor-version":[{"id":150707,"href":"https:\/\/revistaesperanzas.com\/web\/wp-json\/wp\/v2\/posts\/150706\/revisions\/150707"}],"wp:featuredmedia":[{"embeddable":true,"href":"https:\/\/revistaesperanzas.com\/web\/wp-json\/wp\/v2\/media\/150346"}],"wp:attachment":[{"href":"https:\/\/revistaesperanzas.com\/web\/wp-json\/wp\/v2\/media?parent=150706"}],"wp:term":[{"taxonomy":"category","embeddable":true,"href":"https:\/\/revistaesperanzas.com\/web\/wp-json\/wp\/v2\/categories?post=150706"},{"taxonomy":"post_tag","embeddable":true,"href":"https:\/\/revistaesperanzas.com\/web\/wp-json\/wp\/v2\/tags?post=150706"}],"curies":[{"name":"wp","href":"https:\/\/api.w.org\/{rel}","templated":true}]}}