{"id":150708,"date":"2026-04-27T09:10:49","date_gmt":"2026-04-27T12:10:49","guid":{"rendered":"https:\/\/revistaesperanzas.com\/web\/?p=150708"},"modified":"2026-04-27T09:10:49","modified_gmt":"2026-04-27T12:10:49","slug":"detienen-a-una-persona-con-pedido-de-captura-y-posecion-de-drogas","status":"publish","type":"post","link":"https:\/\/revistaesperanzas.com\/web\/2026\/04\/detienen-a-una-persona-con-pedido-de-captura-y-posecion-de-drogas\/","title":{"rendered":"DETIENEN A UNA PERSONA CON PEDIDO DE CAPTURA Y POSECION DE DROGAS"},"content":{"rendered":"<p>EMPEDRADO &#8211; R\u00e1pido accionar, la Polic\u00eda aprehendi\u00f3 a un hombre que incumpl\u00eda una medida judicial vigente, adem\u00e1s, entre sus pertenencias hallaron coca\u00edna.<\/p>\n<p>Efectivos policiales de la Comisaria de la Mujer y el Menor de Empedrado, tras ser alertados y en un r\u00e1pido accionar, lograron aprehender a un hombre que incumpl\u00eda una restricci\u00f3n de acercamiento y quien, adem\u00e1s, entre sus pertenencias llevaba dosis de coca\u00edna.<\/p>\n<p>El procedimiento fue realizado el pasado 22-04-26, cerca de las 23:00 horas, luego de que los citados efectivos fueron alertados por una mujer, que en una motocicleta su ex pareja, con quien pose\u00eda una medida judicial vigente -orden de restricci\u00f3n-, se encontraba en las afueras de su vivienda ubicada por calles Paso de los Libres y Bartolome Mitre de la mencionada localidad, neg\u00e1ndose a retirarse, por lo que, de manera inmediata se dirigieron al lugar, donde identificaron a un hombre de 28 a\u00f1os de edad y procedieron a la aprehensi\u00f3n del mismo, secuestrando las pertenec\u00edas del mismo.<\/p>\n<p>Posteriormente, con la intervenci\u00f3n de la Unidad Fiscal interviniente, bajo las formalidades legales, realizaron una requisa de la mochila que llevaba, hallando en su interior, un tel\u00e9fono celular, una balanza de precisi\u00f3n, una cuchara, una tijera y una caja de perfume que conten\u00eda tres envoltorios de una sustancia blanquecina, para lo cual, efectivos de la Divisi\u00f3n Drogas Peligrosas de la Unidad Regional VII\u00b0 &#8211; Saladas, realizaron el correspondiente test orientativo, arrojando resultado positivo para clorhidrato de coca\u00edna.<\/p>\n<p>Al respecto, el aprehendido junto a lo secuestrado fueron puestos a disposici\u00f3n de las autoridades judiciales, continu\u00e1ndose con los tramites de rigor en la citada dependencia.<\/p>\n","protected":false},"excerpt":{"rendered":"<p>EMPEDRADO &#8211; R\u00e1pido accionar, la Polic\u00eda aprehendi\u00f3 a un hombre que incumpl\u00eda una medida judicial vigente, adem\u00e1s, entre sus pertenencias hallaron coca\u00edna. Efectivos policiales de la Comisaria de la Mujer y el Menor de Empedrado, tras ser alertados y en un r\u00e1pido accionar, lograron aprehender a un hombre que incumpl\u00eda una restricci\u00f3n de acercamiento y [&hellip;]<\/p>\n","protected":false},"author":4,"featured_media":150709,"comment_status":"closed","ping_status":"closed","sticky":false,"template":"","format":"standard","meta":{"footnotes":""},"categories":[58],"tags":[],"class_list":{"0":"post-150708","1":"post","2":"type-post","3":"status-publish","4":"format-standard","5":"has-post-thumbnail","7":"category-corrientes"},"_links":{"self":[{"href":"https:\/\/revistaesperanzas.com\/web\/wp-json\/wp\/v2\/posts\/150708","targetHints":{"allow":["GET"]}}],"collection":[{"href":"https:\/\/revistaesperanzas.com\/web\/wp-json\/wp\/v2\/posts"}],"about":[{"href":"https:\/\/revistaesperanzas.com\/web\/wp-json\/wp\/v2\/types\/post"}],"author":[{"embeddable":true,"href":"https:\/\/revistaesperanzas.com\/web\/wp-json\/wp\/v2\/users\/4"}],"replies":[{"embeddable":true,"href":"https:\/\/revistaesperanzas.com\/web\/wp-json\/wp\/v2\/comments?post=150708"}],"version-history":[{"count":1,"href":"https:\/\/revistaesperanzas.com\/web\/wp-json\/wp\/v2\/posts\/150708\/revisions"}],"predecessor-version":[{"id":150710,"href":"https:\/\/revistaesperanzas.com\/web\/wp-json\/wp\/v2\/posts\/150708\/revisions\/150710"}],"wp:featuredmedia":[{"embeddable":true,"href":"https:\/\/revistaesperanzas.com\/web\/wp-json\/wp\/v2\/media\/150709"}],"wp:attachment":[{"href":"https:\/\/revistaesperanzas.com\/web\/wp-json\/wp\/v2\/media?parent=150708"}],"wp:term":[{"taxonomy":"category","embeddable":true,"href":"https:\/\/revistaesperanzas.com\/web\/wp-json\/wp\/v2\/categories?post=150708"},{"taxonomy":"post_tag","embeddable":true,"href":"https:\/\/revistaesperanzas.com\/web\/wp-json\/wp\/v2\/tags?post=150708"}],"curies":[{"name":"wp","href":"https:\/\/api.w.org\/{rel}","templated":true}]}}