{"id":150711,"date":"2026-04-27T09:14:58","date_gmt":"2026-04-27T12:14:58","guid":{"rendered":"https:\/\/revistaesperanzas.com\/web\/?p=150711"},"modified":"2026-04-27T09:14:58","modified_gmt":"2026-04-27T12:14:58","slug":"no-importa-que-se-roba-lo-que-importa-es-robar-nomas","status":"publish","type":"post","link":"https:\/\/revistaesperanzas.com\/web\/2026\/04\/no-importa-que-se-roba-lo-que-importa-es-robar-nomas\/","title":{"rendered":"NO IMPORTA QUE SE ROBA &#8230;.. LO QUE IMPORTA ES &#8220;ROBAR&#8221; NOMAS"},"content":{"rendered":"<p>MBURUCUYA\u00a0 &#8211;\u00a0 La Polic\u00eda recuper\u00f3 una motosierra, una cierra circular y un parlante mediano que fueron denunciados como sustra\u00eddos.<\/p>\n<p>En la jornada DEL 26-04-26, efectivos policiales de la Comisaria de Distrito Mburucuya, en el marco de un legajo judicial que se investiga, en colaboraci\u00f3n a la Unidad Fiscal interviniente, tras realizar diversas tareas de investigaci\u00f3n, lograron recuperar varias cosas que fueran las denunciadas como sustra\u00eddas.<\/p>\n<p>El procedimiento se concreto luego de que los citados efectivos tomaron conocimiento de un il\u00edcito ocurrido en la citada localidad, donde personas de identidad desconocida habr\u00edan sustra\u00eddo de un inmueble una motosierra, una cierra circular y un parlante, por lo que, realizaron una paciente labor investigativa, lo que posibilito identificar a los presuntos autores del hecho y adem\u00e1s, recuperar lo sustra\u00eddo, quedando a disposici\u00f3n de la justicia.<\/p>\n<p>Los elementos recuperados fueron trasladados ala citada dependencia, donde se continuaron con los tramites de rigor.<\/p>\n","protected":false},"excerpt":{"rendered":"<p>MBURUCUYA\u00a0 &#8211;\u00a0 La Polic\u00eda recuper\u00f3 una motosierra, una cierra circular y un parlante mediano que fueron denunciados como sustra\u00eddos. En la jornada DEL 26-04-26, efectivos policiales de la Comisaria de Distrito Mburucuya, en el marco de un legajo judicial que se investiga, en colaboraci\u00f3n a la Unidad Fiscal interviniente, tras realizar diversas tareas de investigaci\u00f3n, [&hellip;]<\/p>\n","protected":false},"author":4,"featured_media":150712,"comment_status":"closed","ping_status":"closed","sticky":false,"template":"","format":"standard","meta":{"footnotes":""},"categories":[58],"tags":[],"class_list":{"0":"post-150711","1":"post","2":"type-post","3":"status-publish","4":"format-standard","5":"has-post-thumbnail","7":"category-corrientes"},"_links":{"self":[{"href":"https:\/\/revistaesperanzas.com\/web\/wp-json\/wp\/v2\/posts\/150711","targetHints":{"allow":["GET"]}}],"collection":[{"href":"https:\/\/revistaesperanzas.com\/web\/wp-json\/wp\/v2\/posts"}],"about":[{"href":"https:\/\/revistaesperanzas.com\/web\/wp-json\/wp\/v2\/types\/post"}],"author":[{"embeddable":true,"href":"https:\/\/revistaesperanzas.com\/web\/wp-json\/wp\/v2\/users\/4"}],"replies":[{"embeddable":true,"href":"https:\/\/revistaesperanzas.com\/web\/wp-json\/wp\/v2\/comments?post=150711"}],"version-history":[{"count":1,"href":"https:\/\/revistaesperanzas.com\/web\/wp-json\/wp\/v2\/posts\/150711\/revisions"}],"predecessor-version":[{"id":150713,"href":"https:\/\/revistaesperanzas.com\/web\/wp-json\/wp\/v2\/posts\/150711\/revisions\/150713"}],"wp:featuredmedia":[{"embeddable":true,"href":"https:\/\/revistaesperanzas.com\/web\/wp-json\/wp\/v2\/media\/150712"}],"wp:attachment":[{"href":"https:\/\/revistaesperanzas.com\/web\/wp-json\/wp\/v2\/media?parent=150711"}],"wp:term":[{"taxonomy":"category","embeddable":true,"href":"https:\/\/revistaesperanzas.com\/web\/wp-json\/wp\/v2\/categories?post=150711"},{"taxonomy":"post_tag","embeddable":true,"href":"https:\/\/revistaesperanzas.com\/web\/wp-json\/wp\/v2\/tags?post=150711"}],"curies":[{"name":"wp","href":"https:\/\/api.w.org\/{rel}","templated":true}]}}