{"id":150719,"date":"2026-04-27T13:44:54","date_gmt":"2026-04-27T16:44:54","guid":{"rendered":"https:\/\/revistaesperanzas.com\/web\/?p=150719"},"modified":"2026-04-27T13:46:21","modified_gmt":"2026-04-27T16:46:21","slug":"150719","status":"publish","type":"post","link":"https:\/\/revistaesperanzas.com\/web\/2026\/04\/150719\/","title":{"rendered":"SE PUSO EN FUNCIONAMIENTO EL DESTACAMENTO POLICIAL, SEGURIDAD RURAL Y ECOL\u00d3GICA DE RAMADA PASO"},"content":{"rendered":"<p>RAMADA PASO\u00a0 &#8211;\u00a0\u00a0En horas de la ma\u00f1ana de hoy 27-04-26, se llev\u00f3 a cabo la puesta en funcionamiento del Destacamento de Seguridad Rural y Ecol\u00f3gica en la localidad de Ramada Paso, en el marco de las pol\u00edticas de fortalecimiento de la seguridad en zonas rurales y de protecci\u00f3n de los recursos naturales.<a href=\"https:\/\/revistaesperanzas.com\/web\/2026\/04\/150719\/whatsapp-image-2026-04-27-at-10-59-29\/\" rel=\"attachment wp-att-150721\"><img loading=\"lazy\" decoding=\"async\" class=\" wp-image-150721 alignleft\" src=\"https:\/\/revistaesperanzas.com\/web\/wp-content\/uploads\/2026\/04\/WhatsApp-Image-2026-04-27-at-10.59.29.jpeg\" alt=\"\" width=\"450\" height=\"315\" srcset=\"https:\/\/revistaesperanzas.com\/web\/wp-content\/uploads\/2026\/04\/WhatsApp-Image-2026-04-27-at-10.59.29.jpeg 600w, https:\/\/revistaesperanzas.com\/web\/wp-content\/uploads\/2026\/04\/WhatsApp-Image-2026-04-27-at-10.59.29-100x70.jpeg 100w\" sizes=\"auto, (max-width: 450px) 100vw, 450px\" \/><\/a><\/p>\n<p>El acto cont\u00f3 con la presencia del Subjefe de Polic\u00eda Crio. Gral. Walter Dario Aceval, el director general de Seguridad Rural y Ecol\u00f3gica Crio. Gral. Walter Gerardo Torres, el director de la Unidad Regional N\u00b01 San Luis del Palmar, intendente de la localidad de<a href=\"https:\/\/revistaesperanzas.com\/web\/2026\/04\/150719\/whatsapp-image-2026-04-27-at-10-59-30\/\" rel=\"attachment wp-att-150722\"><img loading=\"lazy\" decoding=\"async\" class=\" wp-image-150722 alignright\" src=\"https:\/\/revistaesperanzas.com\/web\/wp-content\/uploads\/2026\/04\/WhatsApp-Image-2026-04-27-at-10.59.30.jpeg\" alt=\"\" width=\"400\" height=\"500\" srcset=\"https:\/\/revistaesperanzas.com\/web\/wp-content\/uploads\/2026\/04\/WhatsApp-Image-2026-04-27-at-10.59.30.jpeg 500w, https:\/\/revistaesperanzas.com\/web\/wp-content\/uploads\/2026\/04\/WhatsApp-Image-2026-04-27-at-10.59.30-336x420.jpeg 336w\" sizes=\"auto, (max-width: 400px) 100vw, 400px\" \/><\/a> Itati y Ramada Paso, autoridades locales y policiales, quienes destacaron la importancia de esta nueva dependencia operativa, que permitir\u00e1 optimizar las tareas de prevenci\u00f3n, control e intervenci\u00f3n ante delitos rurales, abigeato y hechos que afecten el medio ambiente.<\/p>\n<p>Esta nueva dependencia tendr\u00e1 injerencia en la zona y trabajar\u00e1 de manera articulada con otras dependencias policiales, reforzando la presencia institucional y brindando respuestas m\u00e1s r\u00e1pidas y eficientes a los requerimientos de la comunidad.<\/p>\n<p>Asimismo, el personal asignado<a href=\"https:\/\/revistaesperanzas.com\/web\/2026\/04\/150719\/whatsapp-image-2026-04-27-at-10-59-30-2\/\" rel=\"attachment wp-att-150723\"><img loading=\"lazy\" decoding=\"async\" class=\" wp-image-150723 alignleft\" src=\"https:\/\/revistaesperanzas.com\/web\/wp-content\/uploads\/2026\/04\/WhatsApp-Image-2026-04-27-at-10.59.30-2.jpeg\" alt=\"\" width=\"405\" height=\"283\" srcset=\"https:\/\/revistaesperanzas.com\/web\/wp-content\/uploads\/2026\/04\/WhatsApp-Image-2026-04-27-at-10.59.30-2.jpeg 600w, https:\/\/revistaesperanzas.com\/web\/wp-content\/uploads\/2026\/04\/WhatsApp-Image-2026-04-27-at-10.59.30-2-100x70.jpeg 100w\" sizes=\"auto, (max-width: 405px) 100vw, 405px\" \/><\/a> contar\u00e1 con los recursos necesarios para el cumplimiento de sus funciones, orientadas a la prevenci\u00f3n, el patrullaje y la seguridad integral del sector rural.<\/p>\n<p>Con esta incorporaci\u00f3n, la Polic\u00eda de Corrientes reafirma su compromiso de continuar fortaleciendo la seguridad en todo el territorio provincial, especialmente en aquellas \u00e1reas estrat\u00e9gicas vinculadas a la producci\u00f3n y zonas rurales.<\/p>\n","protected":false},"excerpt":{"rendered":"<p>RAMADA PASO\u00a0 &#8211;\u00a0\u00a0En horas de la ma\u00f1ana de hoy 27-04-26, se llev\u00f3 a cabo la puesta en funcionamiento del Destacamento de Seguridad Rural y Ecol\u00f3gica en la localidad de Ramada Paso, en el marco de las pol\u00edticas de fortalecimiento de la seguridad en zonas rurales y de protecci\u00f3n de los recursos naturales. El acto cont\u00f3 [&hellip;]<\/p>\n","protected":false},"author":4,"featured_media":150720,"comment_status":"closed","ping_status":"closed","sticky":false,"template":"","format":"standard","meta":{"footnotes":""},"categories":[58],"tags":[],"class_list":{"0":"post-150719","1":"post","2":"type-post","3":"status-publish","4":"format-standard","5":"has-post-thumbnail","7":"category-corrientes"},"_links":{"self":[{"href":"https:\/\/revistaesperanzas.com\/web\/wp-json\/wp\/v2\/posts\/150719","targetHints":{"allow":["GET"]}}],"collection":[{"href":"https:\/\/revistaesperanzas.com\/web\/wp-json\/wp\/v2\/posts"}],"about":[{"href":"https:\/\/revistaesperanzas.com\/web\/wp-json\/wp\/v2\/types\/post"}],"author":[{"embeddable":true,"href":"https:\/\/revistaesperanzas.com\/web\/wp-json\/wp\/v2\/users\/4"}],"replies":[{"embeddable":true,"href":"https:\/\/revistaesperanzas.com\/web\/wp-json\/wp\/v2\/comments?post=150719"}],"version-history":[{"count":3,"href":"https:\/\/revistaesperanzas.com\/web\/wp-json\/wp\/v2\/posts\/150719\/revisions"}],"predecessor-version":[{"id":150727,"href":"https:\/\/revistaesperanzas.com\/web\/wp-json\/wp\/v2\/posts\/150719\/revisions\/150727"}],"wp:featuredmedia":[{"embeddable":true,"href":"https:\/\/revistaesperanzas.com\/web\/wp-json\/wp\/v2\/media\/150720"}],"wp:attachment":[{"href":"https:\/\/revistaesperanzas.com\/web\/wp-json\/wp\/v2\/media?parent=150719"}],"wp:term":[{"taxonomy":"category","embeddable":true,"href":"https:\/\/revistaesperanzas.com\/web\/wp-json\/wp\/v2\/categories?post=150719"},{"taxonomy":"post_tag","embeddable":true,"href":"https:\/\/revistaesperanzas.com\/web\/wp-json\/wp\/v2\/tags?post=150719"}],"curies":[{"name":"wp","href":"https:\/\/api.w.org\/{rel}","templated":true}]}}