{"id":150733,"date":"2026-04-27T19:53:19","date_gmt":"2026-04-27T22:53:19","guid":{"rendered":"https:\/\/revistaesperanzas.com\/web\/?p=150733"},"modified":"2026-04-27T19:53:19","modified_gmt":"2026-04-27T22:53:19","slug":"hoy-18-30-horas-reapertura-del-espacio-publico","status":"publish","type":"post","link":"https:\/\/revistaesperanzas.com\/web\/2026\/04\/hoy-18-30-horas-reapertura-del-espacio-publico\/","title":{"rendered":"HOY 18.30 HORAS: REAPERTURA DEL ESPACIO P\u00daBLICO"},"content":{"rendered":"<p style=\"font-weight: 400;\">Prefectura Naval Argentina-Goya<\/p>\n<p style=\"font-weight: 400;\">Lleg\u00f3 el d\u00eda de apertura de portones, el muelle de Prefectura vuelve a ser un paseo p\u00fablico.<\/p>\n<p style=\"font-weight: 400;\">Hoy, a las 18.30 horas se invita a la inauguraci\u00f3n de un espacio renovado para el encuentro de nuestra comunidad.<\/p>\n<p style=\"font-weight: 400;\">La Municipalidad de Goya invita a los ciudadanos a la reapertura del espacio p\u00fablico ubicado en la sede de la Prefectura Naval Argentina, en Goya.<\/p>\n<p style=\"font-weight: 400;\">Un espacio renovado para el encuentro de nuestra comunidad, hoy lunes 27 a las 18.30 horas.<\/p>\n<p style=\"font-weight: 400;\">Los esperamos.<\/p>\n","protected":false},"excerpt":{"rendered":"<p>Prefectura Naval Argentina-Goya Lleg\u00f3 el d\u00eda de apertura de portones, el muelle de Prefectura vuelve a ser un paseo p\u00fablico. Hoy, a las 18.30 horas se invita a la inauguraci\u00f3n de un espacio renovado para el encuentro de nuestra comunidad. La Municipalidad de Goya invita a los ciudadanos a la reapertura del espacio p\u00fablico ubicado [&hellip;]<\/p>\n","protected":false},"author":4,"featured_media":150734,"comment_status":"closed","ping_status":"closed","sticky":false,"template":"","format":"standard","meta":{"footnotes":""},"categories":[45],"tags":[],"class_list":{"0":"post-150733","1":"post","2":"type-post","3":"status-publish","4":"format-standard","5":"has-post-thumbnail","7":"category-locales"},"_links":{"self":[{"href":"https:\/\/revistaesperanzas.com\/web\/wp-json\/wp\/v2\/posts\/150733","targetHints":{"allow":["GET"]}}],"collection":[{"href":"https:\/\/revistaesperanzas.com\/web\/wp-json\/wp\/v2\/posts"}],"about":[{"href":"https:\/\/revistaesperanzas.com\/web\/wp-json\/wp\/v2\/types\/post"}],"author":[{"embeddable":true,"href":"https:\/\/revistaesperanzas.com\/web\/wp-json\/wp\/v2\/users\/4"}],"replies":[{"embeddable":true,"href":"https:\/\/revistaesperanzas.com\/web\/wp-json\/wp\/v2\/comments?post=150733"}],"version-history":[{"count":1,"href":"https:\/\/revistaesperanzas.com\/web\/wp-json\/wp\/v2\/posts\/150733\/revisions"}],"predecessor-version":[{"id":150735,"href":"https:\/\/revistaesperanzas.com\/web\/wp-json\/wp\/v2\/posts\/150733\/revisions\/150735"}],"wp:featuredmedia":[{"embeddable":true,"href":"https:\/\/revistaesperanzas.com\/web\/wp-json\/wp\/v2\/media\/150734"}],"wp:attachment":[{"href":"https:\/\/revistaesperanzas.com\/web\/wp-json\/wp\/v2\/media?parent=150733"}],"wp:term":[{"taxonomy":"category","embeddable":true,"href":"https:\/\/revistaesperanzas.com\/web\/wp-json\/wp\/v2\/categories?post=150733"},{"taxonomy":"post_tag","embeddable":true,"href":"https:\/\/revistaesperanzas.com\/web\/wp-json\/wp\/v2\/tags?post=150733"}],"curies":[{"name":"wp","href":"https:\/\/api.w.org\/{rel}","templated":true}]}}