{"id":150736,"date":"2026-04-27T19:55:23","date_gmt":"2026-04-27T22:55:23","guid":{"rendered":"https:\/\/revistaesperanzas.com\/web\/?p=150736"},"modified":"2026-04-27T19:55:23","modified_gmt":"2026-04-27T22:55:23","slug":"entrega-de-kits-a-pescadores-en-la-carpa-situada-en-el-inga","status":"publish","type":"post","link":"https:\/\/revistaesperanzas.com\/web\/2026\/04\/entrega-de-kits-a-pescadores-en-la-carpa-situada-en-el-inga\/","title":{"rendered":"ENTREGA DE KITS A PESCADORES EN LA CARPA SITUADA EN EL INGA"},"content":{"rendered":"<p style=\"font-weight: 400;\">La Comisi\u00f3n Municipal de Pesca (COMUPE) informa a todos los equipos inscriptos en la Fiesta Nacional del Surub\u00ed que a partir de hoy lunes 27 de abril se dar\u00e1 inicio a la entrega de oficiales para los participantes del concurso, en la Carpa de Pescadores ubicada en Playa \u201cEl Inga\u201d.<\/p>\n<p style=\"font-weight: 400;\">Los horarios son:<\/p>\n<ul>\n<li style=\"font-weight: 400;\">Lunes y martes de 8 a 12 horas y 16 a 20 horas.<\/li>\n<li style=\"font-weight: 400;\">Mi\u00e9rcoles a viernes de 8 a 20 horas (corrido).<\/li>\n<li style=\"font-weight: 400;\">S\u00e1bado de 8 a 10 horas.<\/li>\n<\/ul>\n<p style=\"font-weight: 400;\">Adem\u00e1s, Prefectura Naval estar\u00e1 realizando verificaci\u00f3n de embarcaciones en la misma Playa El Inga junto a Carpa de Pescadores.<\/p>\n","protected":false},"excerpt":{"rendered":"<p>La Comisi\u00f3n Municipal de Pesca (COMUPE) informa a todos los equipos inscriptos en la Fiesta Nacional del Surub\u00ed que a partir de hoy lunes 27 de abril se dar\u00e1 inicio a la entrega de oficiales para los participantes del concurso, en la Carpa de Pescadores ubicada en Playa \u201cEl Inga\u201d. Los horarios son: Lunes y [&hellip;]<\/p>\n","protected":false},"author":4,"featured_media":150737,"comment_status":"closed","ping_status":"closed","sticky":false,"template":"","format":"standard","meta":{"footnotes":""},"categories":[45],"tags":[],"class_list":{"0":"post-150736","1":"post","2":"type-post","3":"status-publish","4":"format-standard","5":"has-post-thumbnail","7":"category-locales"},"_links":{"self":[{"href":"https:\/\/revistaesperanzas.com\/web\/wp-json\/wp\/v2\/posts\/150736","targetHints":{"allow":["GET"]}}],"collection":[{"href":"https:\/\/revistaesperanzas.com\/web\/wp-json\/wp\/v2\/posts"}],"about":[{"href":"https:\/\/revistaesperanzas.com\/web\/wp-json\/wp\/v2\/types\/post"}],"author":[{"embeddable":true,"href":"https:\/\/revistaesperanzas.com\/web\/wp-json\/wp\/v2\/users\/4"}],"replies":[{"embeddable":true,"href":"https:\/\/revistaesperanzas.com\/web\/wp-json\/wp\/v2\/comments?post=150736"}],"version-history":[{"count":1,"href":"https:\/\/revistaesperanzas.com\/web\/wp-json\/wp\/v2\/posts\/150736\/revisions"}],"predecessor-version":[{"id":150738,"href":"https:\/\/revistaesperanzas.com\/web\/wp-json\/wp\/v2\/posts\/150736\/revisions\/150738"}],"wp:featuredmedia":[{"embeddable":true,"href":"https:\/\/revistaesperanzas.com\/web\/wp-json\/wp\/v2\/media\/150737"}],"wp:attachment":[{"href":"https:\/\/revistaesperanzas.com\/web\/wp-json\/wp\/v2\/media?parent=150736"}],"wp:term":[{"taxonomy":"category","embeddable":true,"href":"https:\/\/revistaesperanzas.com\/web\/wp-json\/wp\/v2\/categories?post=150736"},{"taxonomy":"post_tag","embeddable":true,"href":"https:\/\/revistaesperanzas.com\/web\/wp-json\/wp\/v2\/tags?post=150736"}],"curies":[{"name":"wp","href":"https:\/\/api.w.org\/{rel}","templated":true}]}}