{"id":150739,"date":"2026-04-27T19:57:21","date_gmt":"2026-04-27T22:57:21","guid":{"rendered":"https:\/\/revistaesperanzas.com\/web\/?p=150739"},"modified":"2026-04-27T19:57:21","modified_gmt":"2026-04-27T22:57:21","slug":"habilitacion-y-verificacion-anticipada-de-embarcaciones","status":"publish","type":"post","link":"https:\/\/revistaesperanzas.com\/web\/2026\/04\/habilitacion-y-verificacion-anticipada-de-embarcaciones\/","title":{"rendered":"HABILITACION Y VERIFICACION ANTICIPADA DE EMBARCACIONES"},"content":{"rendered":"<p style=\"font-weight: 400;\">En el marco del Mundial de Pesca 2026, la Prefectura Naval informa que contin\u00faa el proceso de habilitaci\u00f3n y verificaci\u00f3n anticipada de embarcaciones, una instancia clave para garantizar la seguridad durante el evento.<\/p>\n<p style=\"font-weight: 400;\">El operativo se llevar\u00e1 a cabo hasta el viernes 1 de mayo inclusive, en el horario de 8 a 18 horas. Durante estas jornadas, el personal de Prefectura realizar\u00e1 la inspecci\u00f3n de la documentaci\u00f3n correspondiente de cada embarcaci\u00f3n, as\u00ed como tambi\u00e9n el control de los elementos de seguridad obligatorios exigidos para la navegaci\u00f3n.<\/p>\n<p style=\"font-weight: 400;\">\n","protected":false},"excerpt":{"rendered":"<p>En el marco del Mundial de Pesca 2026, la Prefectura Naval informa que contin\u00faa el proceso de habilitaci\u00f3n y verificaci\u00f3n anticipada de embarcaciones, una instancia clave para garantizar la seguridad durante el evento. El operativo se llevar\u00e1 a cabo hasta el viernes 1 de mayo inclusive, en el horario de 8 a 18 horas. Durante [&hellip;]<\/p>\n","protected":false},"author":4,"featured_media":150740,"comment_status":"closed","ping_status":"closed","sticky":false,"template":"","format":"standard","meta":{"footnotes":""},"categories":[45],"tags":[],"class_list":{"0":"post-150739","1":"post","2":"type-post","3":"status-publish","4":"format-standard","5":"has-post-thumbnail","7":"category-locales"},"_links":{"self":[{"href":"https:\/\/revistaesperanzas.com\/web\/wp-json\/wp\/v2\/posts\/150739","targetHints":{"allow":["GET"]}}],"collection":[{"href":"https:\/\/revistaesperanzas.com\/web\/wp-json\/wp\/v2\/posts"}],"about":[{"href":"https:\/\/revistaesperanzas.com\/web\/wp-json\/wp\/v2\/types\/post"}],"author":[{"embeddable":true,"href":"https:\/\/revistaesperanzas.com\/web\/wp-json\/wp\/v2\/users\/4"}],"replies":[{"embeddable":true,"href":"https:\/\/revistaesperanzas.com\/web\/wp-json\/wp\/v2\/comments?post=150739"}],"version-history":[{"count":1,"href":"https:\/\/revistaesperanzas.com\/web\/wp-json\/wp\/v2\/posts\/150739\/revisions"}],"predecessor-version":[{"id":150741,"href":"https:\/\/revistaesperanzas.com\/web\/wp-json\/wp\/v2\/posts\/150739\/revisions\/150741"}],"wp:featuredmedia":[{"embeddable":true,"href":"https:\/\/revistaesperanzas.com\/web\/wp-json\/wp\/v2\/media\/150740"}],"wp:attachment":[{"href":"https:\/\/revistaesperanzas.com\/web\/wp-json\/wp\/v2\/media?parent=150739"}],"wp:term":[{"taxonomy":"category","embeddable":true,"href":"https:\/\/revistaesperanzas.com\/web\/wp-json\/wp\/v2\/categories?post=150739"},{"taxonomy":"post_tag","embeddable":true,"href":"https:\/\/revistaesperanzas.com\/web\/wp-json\/wp\/v2\/tags?post=150739"}],"curies":[{"name":"wp","href":"https:\/\/api.w.org\/{rel}","templated":true}]}}