{"id":150748,"date":"2026-04-27T20:10:25","date_gmt":"2026-04-27T23:10:25","guid":{"rendered":"https:\/\/revistaesperanzas.com\/web\/?p=150748"},"modified":"2026-04-27T20:13:16","modified_gmt":"2026-04-27T23:13:16","slug":"mas-de-160-chicos-participaron-de-primer-encuentro-provincial-de-mini-atletismo","status":"publish","type":"post","link":"https:\/\/revistaesperanzas.com\/web\/2026\/04\/mas-de-160-chicos-participaron-de-primer-encuentro-provincial-de-mini-atletismo\/","title":{"rendered":"M\u00c1S DE 160 CHICOS PARTICIPARON DE PRIMER ENCUENTRO PROVINCIAL DE MINI ATLETISMO"},"content":{"rendered":"<p style=\"font-weight: 400;\">Goya, Ciudad del Deporte:<\/p>\n<p style=\"font-weight: 400;\">Con gran \u00e9xito en cuanto convocatoria, este s\u00e1bado se realiz\u00f3 el primer encuentro<a href=\"https:\/\/revistaesperanzas.com\/web\/2026\/04\/mas-de-160-chicos-participaron-de-primer-encuentro-provincial-de-mini-atletismo\/mini-atletismo-5\/\" rel=\"attachment wp-att-150750\"><img loading=\"lazy\" decoding=\"async\" class=\" wp-image-150750 alignright\" src=\"https:\/\/revistaesperanzas.com\/web\/wp-content\/uploads\/2026\/04\/MINI-ATLETISMO-5.png\" alt=\"\" width=\"400\" height=\"280\" srcset=\"https:\/\/revistaesperanzas.com\/web\/wp-content\/uploads\/2026\/04\/MINI-ATLETISMO-5.png 600w, https:\/\/revistaesperanzas.com\/web\/wp-content\/uploads\/2026\/04\/MINI-ATLETISMO-5-100x70.png 100w\" sizes=\"auto, (max-width: 400px) 100vw, 400px\" \/><\/a> provincial de Mini atletismo en el campo de Juego de Hockey Municipal del barrio Los Eucaliptos. M\u00e1s de 160 atletas de edades comprendidas entre 6 y 12 a\u00f1os participaron de la instancia.<\/p>\n<p style=\"font-weight: 400;\">En Goya, inici\u00f3 este pasado s\u00e1bado 25 la temporada atl\u00e9tica, disput\u00e1ndose la primera fecha del certamen provincial. Cont\u00f3 con la<a href=\"https:\/\/revistaesperanzas.com\/web\/2026\/04\/mas-de-160-chicos-participaron-de-primer-encuentro-provincial-de-mini-atletismo\/mini-atletismo-2\/\" rel=\"attachment wp-att-150751\"><img loading=\"lazy\" decoding=\"async\" class=\" wp-image-150751 alignleft\" src=\"https:\/\/revistaesperanzas.com\/web\/wp-content\/uploads\/2026\/04\/MINI-ATLETISMO-2.png\" alt=\"\" width=\"400\" height=\"280\" srcset=\"https:\/\/revistaesperanzas.com\/web\/wp-content\/uploads\/2026\/04\/MINI-ATLETISMO-2.png 600w, https:\/\/revistaesperanzas.com\/web\/wp-content\/uploads\/2026\/04\/MINI-ATLETISMO-2-100x70.png 100w\" sizes=\"auto, (max-width: 400px) 100vw, 400px\" \/><\/a> organizaci\u00f3n de la Escuela Municipal de Atletismo, dependiente de la Direcci\u00f3n de Deportes.<\/p>\n<p style=\"font-weight: 400;\">PROFESORA FLORENCIA AYALA<\/p>\n<p style=\"font-weight: 400;\">Una de las referentes y formadora de atletas en la localidad es la profesora Florencia Ayala quien este lunes realiz\u00f3 un balance de esta jornada.<\/p>\n<p style=\"font-weight: 400;\">\u201cUna alegr\u00eda inmensa por haber tenido tantos mini atletas este s\u00e1bado. Nosotros dando una mano con la organizaci\u00f3n, tanto en Goya como en otras localidades, siempre en contacto con los profes\u201d indic\u00f3.<a href=\"https:\/\/revistaesperanzas.com\/web\/2026\/04\/mas-de-160-chicos-participaron-de-primer-encuentro-provincial-de-mini-atletismo\/mini-atletismo-3\/\" rel=\"attachment wp-att-150752\"><img loading=\"lazy\" decoding=\"async\" class=\" wp-image-150752 alignright\" src=\"https:\/\/revistaesperanzas.com\/web\/wp-content\/uploads\/2026\/04\/MINI-ATLETISMO-3.png\" alt=\"\" width=\"450\" height=\"563\" srcset=\"https:\/\/revistaesperanzas.com\/web\/wp-content\/uploads\/2026\/04\/MINI-ATLETISMO-3.png 500w, https:\/\/revistaesperanzas.com\/web\/wp-content\/uploads\/2026\/04\/MINI-ATLETISMO-3-336x420.png 336w\" sizes=\"auto, (max-width: 450px) 100vw, 450px\" \/><\/a><\/p>\n<p style=\"font-weight: 400;\">Agradeci\u00f3 a los espacios formativos de esta disciplina siempre acompa\u00f1ando a sus competidores a disputar las carreras en toda la extensi\u00f3n de la geograf\u00eda correntina como la Escuela Municipal de Atletismo, que esta vez le toco organizar esta fecha, a los diferentes team como Modo Runner, Club Atenas, BYR entre otras.<\/p>\n<p style=\"font-weight: 400;\">\u201cLa idea es que se mueva el deporte, desde Bella Vista vinieron 26 chicos, estuvieron 12 atletas de capital y el Club Atenas que sum\u00f3 muchos chicos\u201d agreg\u00f3.<\/p>\n<p style=\"font-weight: 400;\">AGRADECIMIENTOS<\/p>\n<p style=\"font-weight: 400;\">Agradeci\u00f3 a los \u201cchicos m\u00e1s grandes del atletismo que siempre nos dan una mano, que<a href=\"https:\/\/revistaesperanzas.com\/web\/2026\/04\/mas-de-160-chicos-participaron-de-primer-encuentro-provincial-de-mini-atletismo\/mini-atletismo-4\/\" rel=\"attachment wp-att-150753\"><img loading=\"lazy\" decoding=\"async\" class=\" wp-image-150753 alignleft\" src=\"https:\/\/revistaesperanzas.com\/web\/wp-content\/uploads\/2026\/04\/MINI-ATLETISMO-4.png\" alt=\"\" width=\"450\" height=\"563\" srcset=\"https:\/\/revistaesperanzas.com\/web\/wp-content\/uploads\/2026\/04\/MINI-ATLETISMO-4.png 500w, https:\/\/revistaesperanzas.com\/web\/wp-content\/uploads\/2026\/04\/MINI-ATLETISMO-4-336x420.png 336w\" sizes=\"auto, (max-width: 450px) 100vw, 450px\" \/><\/a> ayudaron a organizar este encuentro, al director de Deportes, Alejandro Lago por ceder el espacio del Hockey Municipal, a los chicos del profesorado de Educaci\u00f3n F\u00edsica que siempre se copan para realizar estas actividades de manera desinteresada, pero que tambi\u00e9n a ellos los forma para manejar los grupos\u201d.<\/p>\n<p style=\"font-weight: 400;\">En la parte final no quiso dejar de destacar los buenos resultados que viene teniendo el deporte local gracias a las pol\u00edticas deportivas municipales.<\/p>\n<p style=\"font-weight: 400;\">Una de esas referentes, y que los chicos usan como ejemplo deportivo a seguir, es la joven Brenda Insaurralde quien actualmente compite a nivel nacional e internacional.<\/p>\n<p style=\"font-weight: 400;\">\u201cTener un referente como Brenda en nuestra disciplina ayuda un mont\u00f3n; en los Juegos <a href=\"https:\/\/revistaesperanzas.com\/web\/2026\/04\/mas-de-160-chicos-participaron-de-primer-encuentro-provincial-de-mini-atletismo\/mini-atletismo\/\" rel=\"attachment wp-att-150757\"><img loading=\"lazy\" decoding=\"async\" class=\" wp-image-150757 alignright\" src=\"https:\/\/revistaesperanzas.com\/web\/wp-content\/uploads\/2026\/04\/MINI-ATLETISMO.png\" alt=\"\" width=\"400\" height=\"280\" srcset=\"https:\/\/revistaesperanzas.com\/web\/wp-content\/uploads\/2026\/04\/MINI-ATLETISMO.png 600w, https:\/\/revistaesperanzas.com\/web\/wp-content\/uploads\/2026\/04\/MINI-ATLETISMO-100x70.png 100w\" sizes=\"auto, (max-width: 400px) 100vw, 400px\" \/><\/a>Correntinos, en los Evita Nacionales siempre tenemos premiaci\u00f3n y buenos puestos\u201d.<\/p>\n<p style=\"font-weight: 400;\">\u201cLa idea es que el deporte siga creciendo y por eso nosotros insistimos en que los chicos salgan a competir, porque el atletismo no termina a los 15 a\u00f1os, es un deporte donde los chicos pueden llegar a un alto rendimiento despu\u00e9s de los 20 a\u00f1os\u201d cerr\u00f3.<\/p>\n<p style=\"font-weight: 400;\">Cabe se\u00f1alar que la visita a la localidad este s\u00e1bado se complet\u00f3 con delegaciones de chicos de Bella Vista y Carolina.<\/p>\n","protected":false},"excerpt":{"rendered":"<p>Goya, Ciudad del Deporte: Con gran \u00e9xito en cuanto convocatoria, este s\u00e1bado se realiz\u00f3 el primer encuentro provincial de Mini atletismo en el campo de Juego de Hockey Municipal del barrio Los Eucaliptos. M\u00e1s de 160 atletas de edades comprendidas entre 6 y 12 a\u00f1os participaron de la instancia. En Goya, inici\u00f3 este pasado s\u00e1bado [&hellip;]<\/p>\n","protected":false},"author":4,"featured_media":150749,"comment_status":"closed","ping_status":"closed","sticky":false,"template":"","format":"standard","meta":{"footnotes":""},"categories":[45],"tags":[],"class_list":{"0":"post-150748","1":"post","2":"type-post","3":"status-publish","4":"format-standard","5":"has-post-thumbnail","7":"category-locales"},"_links":{"self":[{"href":"https:\/\/revistaesperanzas.com\/web\/wp-json\/wp\/v2\/posts\/150748","targetHints":{"allow":["GET"]}}],"collection":[{"href":"https:\/\/revistaesperanzas.com\/web\/wp-json\/wp\/v2\/posts"}],"about":[{"href":"https:\/\/revistaesperanzas.com\/web\/wp-json\/wp\/v2\/types\/post"}],"author":[{"embeddable":true,"href":"https:\/\/revistaesperanzas.com\/web\/wp-json\/wp\/v2\/users\/4"}],"replies":[{"embeddable":true,"href":"https:\/\/revistaesperanzas.com\/web\/wp-json\/wp\/v2\/comments?post=150748"}],"version-history":[{"count":3,"href":"https:\/\/revistaesperanzas.com\/web\/wp-json\/wp\/v2\/posts\/150748\/revisions"}],"predecessor-version":[{"id":150758,"href":"https:\/\/revistaesperanzas.com\/web\/wp-json\/wp\/v2\/posts\/150748\/revisions\/150758"}],"wp:featuredmedia":[{"embeddable":true,"href":"https:\/\/revistaesperanzas.com\/web\/wp-json\/wp\/v2\/media\/150749"}],"wp:attachment":[{"href":"https:\/\/revistaesperanzas.com\/web\/wp-json\/wp\/v2\/media?parent=150748"}],"wp:term":[{"taxonomy":"category","embeddable":true,"href":"https:\/\/revistaesperanzas.com\/web\/wp-json\/wp\/v2\/categories?post=150748"},{"taxonomy":"post_tag","embeddable":true,"href":"https:\/\/revistaesperanzas.com\/web\/wp-json\/wp\/v2\/tags?post=150748"}],"curies":[{"name":"wp","href":"https:\/\/api.w.org\/{rel}","templated":true}]}}