{"id":150759,"date":"2026-04-27T20:14:56","date_gmt":"2026-04-27T23:14:56","guid":{"rendered":"https:\/\/revistaesperanzas.com\/web\/?p=150759"},"modified":"2026-04-27T20:14:56","modified_gmt":"2026-04-27T23:14:56","slug":"exposicion-homenaje-goya-honra-a-su-artista-rodolfo-insaurralde-1963-2026","status":"publish","type":"post","link":"https:\/\/revistaesperanzas.com\/web\/2026\/04\/exposicion-homenaje-goya-honra-a-su-artista-rodolfo-insaurralde-1963-2026\/","title":{"rendered":"EXPOSICI\u00d3N HOMENAJE: GOYA HONRA A SU ARTISTA RODOLFO INSAURRALDE 1963 &#8211; 2026"},"content":{"rendered":"<p style=\"font-weight: 400;\">Surubi Cultural:<\/p>\n<p style=\"font-weight: 400;\">Este lunes 27 de abril desde las 20 horas, la Municipalidad de Goya, junto con la Direcci\u00f3n de Cultura y compa\u00f1eros de promoci\u00f3n del &#8217;81 de la &#8220;Escuela Nacional de Comercio&#8221; actual Colegio &#8220;Roberto I. L\u00f3pez Alvarado&#8221; rendir\u00e1n homenaje al extinto artista pl\u00e1stico Rodolfo Insaurralde con una exposici\u00f3n de sus obras, en adhesi\u00f3n a la Fiesta Nacional del Surub\u00ed, mediante el programa &#8220;Surub\u00ed Cultural\u201d.<\/p>\n<p style=\"font-weight: 400;\">La exposici\u00f3n reunir\u00e1 20 obras, incluyendo cinco conseguidas para la ocasi\u00f3n y una perteneciente a la colecci\u00f3n de la Casa de la Cultura. Con ella se busca celebrar el legado de Insaurralde y su contribuci\u00f3n al patrimonio cultural de Goya.<\/p>\n<p style=\"font-weight: 400;\">Este lunes abre la muestra Surub\u00ed Cultural in memoriam y pone en di\u00e1logo las obras del artista recientemente fallecido.<\/p>\n<p style=\"font-weight: 400;\">Un recorrido por sus pinturas, sus temas y su manera de mirar, para compartir su legado y pensar qu\u00e9 permanece de una obra cuando el autor ya no est\u00e1.<\/p>\n<p style=\"font-weight: 400;\">El pintor desarroll\u00f3 una extensa trayectoria con numerosas exposiciones individuales y colectivas, compartiendo camino con grandes referentes. Supo habitar el contacto con la gente, amigo de sus amigos y el taller con la misma lucidez cr\u00edtica y compromiso con la cultura.<\/p>\n<p style=\"font-weight: 400;\">Desde Goya hacia el mundo, su nombre se volvi\u00f3 huella, su estilo identidad, y su legado un espejo donde la humanidad se reconoce. Hoy su ciudad lo abraza en la memoria, celebrando no solo al artista sino a un ser que supo ver m\u00e1s all\u00e1 de lo visible.<\/p>\n<p style=\"font-weight: 400;\">MANUEL ZAMPAR<\/p>\n<p style=\"font-weight: 400;\">\u201cEsta noche va a ser una velada muy emotiva cuando se haga la apertura de la muestra en homenaje a Rodolfo, porque todos decimos que Rodolfo era el amigo de los goyanos, ten\u00eda un coraz\u00f3n enorme porque adem\u00e1s de ser un gran artista era una persona que permanentemente estaba pensando y viv\u00eda por su Goya. Era el mejor embajador que pod\u00eda tener la ciudad y la provincia\u201d expres\u00f3 este lunes ante micr\u00f3fonos de la 88.3 RADIO CIUDAD el Coordinador de Asuntos Culturales, Manuel Lito Zampar.<\/p>\n<p style=\"font-weight: 400;\">\u201cCon las mismas ideas que ven\u00edamos teniendo nosotros y sus compa\u00f1eros de promoci\u00f3n, sumamos voluntades para que esto sea un merecido y justo homenaje para Rodolfo\u201d.<\/p>\n<p style=\"font-weight: 400;\">Seg\u00fan estim\u00f3 Zampar, en Goya hay m\u00e1s de 80 obras de su autor\u00eda que fueron adquiridas por privados. Pero estas ser\u00edan las que est\u00e1n registradas, pudiendo haber m\u00e1s obras sin registrar \u201cson muchos los cuadros que se encuentran en nuestra ciudad, as\u00ed que tenemos para seguir haciendo muchas m\u00e1s exposiciones\u201d cerr\u00f3.<\/p>\n","protected":false},"excerpt":{"rendered":"<p>Surubi Cultural: Este lunes 27 de abril desde las 20 horas, la Municipalidad de Goya, junto con la Direcci\u00f3n de Cultura y compa\u00f1eros de promoci\u00f3n del &#8217;81 de la &#8220;Escuela Nacional de Comercio&#8221; actual Colegio &#8220;Roberto I. L\u00f3pez Alvarado&#8221; rendir\u00e1n homenaje al extinto artista pl\u00e1stico Rodolfo Insaurralde con una exposici\u00f3n de sus obras, en adhesi\u00f3n [&hellip;]<\/p>\n","protected":false},"author":4,"featured_media":150760,"comment_status":"closed","ping_status":"closed","sticky":false,"template":"","format":"standard","meta":{"footnotes":""},"categories":[45],"tags":[],"class_list":{"0":"post-150759","1":"post","2":"type-post","3":"status-publish","4":"format-standard","5":"has-post-thumbnail","7":"category-locales"},"_links":{"self":[{"href":"https:\/\/revistaesperanzas.com\/web\/wp-json\/wp\/v2\/posts\/150759","targetHints":{"allow":["GET"]}}],"collection":[{"href":"https:\/\/revistaesperanzas.com\/web\/wp-json\/wp\/v2\/posts"}],"about":[{"href":"https:\/\/revistaesperanzas.com\/web\/wp-json\/wp\/v2\/types\/post"}],"author":[{"embeddable":true,"href":"https:\/\/revistaesperanzas.com\/web\/wp-json\/wp\/v2\/users\/4"}],"replies":[{"embeddable":true,"href":"https:\/\/revistaesperanzas.com\/web\/wp-json\/wp\/v2\/comments?post=150759"}],"version-history":[{"count":1,"href":"https:\/\/revistaesperanzas.com\/web\/wp-json\/wp\/v2\/posts\/150759\/revisions"}],"predecessor-version":[{"id":150761,"href":"https:\/\/revistaesperanzas.com\/web\/wp-json\/wp\/v2\/posts\/150759\/revisions\/150761"}],"wp:featuredmedia":[{"embeddable":true,"href":"https:\/\/revistaesperanzas.com\/web\/wp-json\/wp\/v2\/media\/150760"}],"wp:attachment":[{"href":"https:\/\/revistaesperanzas.com\/web\/wp-json\/wp\/v2\/media?parent=150759"}],"wp:term":[{"taxonomy":"category","embeddable":true,"href":"https:\/\/revistaesperanzas.com\/web\/wp-json\/wp\/v2\/categories?post=150759"},{"taxonomy":"post_tag","embeddable":true,"href":"https:\/\/revistaesperanzas.com\/web\/wp-json\/wp\/v2\/tags?post=150759"}],"curies":[{"name":"wp","href":"https:\/\/api.w.org\/{rel}","templated":true}]}}