{"id":150762,"date":"2026-04-27T20:22:14","date_gmt":"2026-04-27T23:22:14","guid":{"rendered":"https:\/\/revistaesperanzas.com\/web\/?p=150762"},"modified":"2026-04-27T20:22:14","modified_gmt":"2026-04-27T23:22:14","slug":"goya-vive-dias-historicos-abren-el-predio-de-prefectura-y-se-inaugura-la-nueva-costanera-en-el-inicio-del-mundial-de-pesca","status":"publish","type":"post","link":"https:\/\/revistaesperanzas.com\/web\/2026\/04\/goya-vive-dias-historicos-abren-el-predio-de-prefectura-y-se-inaugura-la-nueva-costanera-en-el-inicio-del-mundial-de-pesca\/","title":{"rendered":"GOYA VIVE D\u00cdAS HIST\u00d3RICOS: ABREN EL PREDIO DE PREFECTURA Y SE INAUGURA LA NUEVA COSTANERA EN EL INICIO DEL MUNDIAL DE PESCA"},"content":{"rendered":"<p>El intendente municipal, doctor Mariano Hormaechea, anunci\u00f3 la apertura de espacios p\u00fablicos recuperados tras 40 a\u00f1os y la inauguraci\u00f3n de la Nueva Costanera, en el marco del inicio del \u201cMundial de Pesca\u201d que posiciona a la ciudad como vidriera al mundo.<a href=\"https:\/\/revistaesperanzas.com\/web\/2026\/04\/goya-vive-dias-historicos-abren-el-predio-de-prefectura-y-se-inaugura-la-nueva-costanera-en-el-inicio-del-mundial-de-pesca\/nota-mariano-1-2\/\" rel=\"attachment wp-att-150764\"><img loading=\"lazy\" decoding=\"async\" class=\"alignnone  wp-image-150764\" src=\"https:\/\/revistaesperanzas.com\/web\/wp-content\/uploads\/2026\/04\/NOTA-MARIANO-1.jpeg\" alt=\"\" width=\"693\" height=\"461\" \/><\/a><\/p>\n<p>En una entrevista radial cargada de adrenalina y expectativas, el intendente de Goya doctor Mariano Hormaechea, dio inicio formal a las actividades de la 49\u00aa edici\u00f3n de la Fiesta Nacional del Surub\u00ed<\/p>\n<p>El jefe comunal destac\u00f3 que la ciudad atraviesa momentos de \u201cfuertes sensaciones desde lo emocional\u201d al coincidir el arranque del Mundial de Pesca con dos momentos hist\u00f3ricos para la infraestructura y la identidad goyana: la recuperaci\u00f3n del Predio de Prefectura y la inauguraci\u00f3n de la tan ansiada Costanera.<a href=\"https:\/\/revistaesperanzas.com\/web\/2026\/04\/goya-vive-dias-historicos-abren-el-predio-de-prefectura-y-se-inaugura-la-nueva-costanera-en-el-inicio-del-mundial-de-pesca\/nota-mariano-3-2\/\" rel=\"attachment wp-att-150765\"><img loading=\"lazy\" decoding=\"async\" class=\"alignnone  wp-image-150765\" src=\"https:\/\/revistaesperanzas.com\/web\/wp-content\/uploads\/2026\/04\/NOTA-MARIANO-3.jpeg\" alt=\"\" width=\"684\" height=\"455\" \/><\/a><\/p>\n<p>DOS MOMENTOS HIST\u00d3RICOS PARA LA CIUDAD<\/p>\n<p>El primer evento trascendental tendr\u00e1 lugar hoy, lunes 27, a partir de las 18.30 horas, en las intersecciones de calles 25 de Mayo y Ca\u00e1 Guaz\u00fa.<br \/>\nAll\u00ed se proceder\u00e1 a la apertura de los portones del predio de Prefectura, un espacio sobre la costa del riacho que la gesti\u00f3n municipal ha logrado recuperar para el uso p\u00fablico despu\u00e9s de m\u00e1s de 40 a\u00f1os.<\/p>\n<div>\n<div>\n<div>\n\u201cEstamos muy pero muy contentos; es recuperar un espacio para que sea parte de la infraestructura en la que venimos trabajando\u201d, afirm\u00f3 Hormaechea, subrayando la importancia de devolver estos lugares a la comunidad.<a href=\"https:\/\/revistaesperanzas.com\/web\/2026\/04\/goya-vive-dias-historicos-abren-el-predio-de-prefectura-y-se-inaugura-la-nueva-costanera-en-el-inicio-del-mundial-de-pesca\/nota-mariano-2-2\/\" rel=\"attachment wp-att-150766\"><img loading=\"lazy\" decoding=\"async\" class=\"alignnone  wp-image-150766\" src=\"https:\/\/revistaesperanzas.com\/web\/wp-content\/uploads\/2026\/04\/NOTA-MARIANO-2.jpeg\" alt=\"\" width=\"692\" height=\"460\" \/><\/a><\/p>\n<\/div>\n<div>Luego de la apertura de los portones, se realizar\u00e1 la ceremonia de inauguraci\u00f3n y recuperaci\u00f3n de este espacio, en el muelle de prefectura.<\/p>\n<\/div>\n<div>Ma\u00f1ana, martes 28 a las 20 horas, se vivir\u00e1 el segundo momento clave con la inauguraci\u00f3n oficial de la Nueva Costanera.<\/p>\n<\/div>\n<div>El acto contar\u00e1 con la presencia del gobernador Juan Pablo Vald\u00e9s, junto a vecinos y ciudadanos de Goya.<a href=\"https:\/\/revistaesperanzas.com\/web\/2026\/04\/goya-vive-dias-historicos-abren-el-predio-de-prefectura-y-se-inaugura-la-nueva-costanera-en-el-inicio-del-mundial-de-pesca\/nota-mariano-4\/\" rel=\"attachment wp-att-150767\"><img loading=\"lazy\" decoding=\"async\" class=\"alignnone  wp-image-150767\" src=\"https:\/\/revistaesperanzas.com\/web\/wp-content\/uploads\/2026\/04\/NOTA-MARIANO-4.jpeg\" alt=\"\" width=\"674\" height=\"448\" \/><\/a><\/p>\n<\/div>\n<div>Sobre esta obra, ubicada frente a lo que ser\u00e1 la Plaza Italia, el intendente admiti\u00f3 que \u201cllev\u00f3 su tiempo, pero va a valer la espera porque la verdad que est\u00e1 muy linda\u201d.<\/p>\n<\/div>\n<div>LA FIESTA DEL SURUB\u00cd: VIDRIERA AL MUNDO<\/p>\n<\/div>\n<div>Estas inauguraciones se dan en el contexto de la Fiesta Nacional del Surub\u00ed, evento que el intendente defini\u00f3 como uno de los m\u00e1s importantes de la provincia y una verdadera vidriera internacional para la esencia, la historia y la cultura de Goya.<\/p>\n<\/div>\n<div>\u201cEs una fiesta que tiene una gran convocatoria, genera mucha expectativa y donde el pescador y los turistas vienen a vivir la experiencia que ofrece Goya como ciudad anfitriona y ciudad amiga\u201d, expres\u00f3 el primer mandatario de la ciudad.<a href=\"https:\/\/revistaesperanzas.com\/web\/2026\/04\/goya-vive-dias-historicos-abren-el-predio-de-prefectura-y-se-inaugura-la-nueva-costanera-en-el-inicio-del-mundial-de-pesca\/nota-mariano-6\/\" rel=\"attachment wp-att-150768\"><img loading=\"lazy\" decoding=\"async\" class=\"alignnone  wp-image-150768\" src=\"https:\/\/revistaesperanzas.com\/web\/wp-content\/uploads\/2026\/04\/NOTA-MARIANO-6.jpeg\" alt=\"\" width=\"692\" height=\"460\" \/><\/a><\/p>\n<\/div>\n<div>Con la cuenta regresiva terminada, la ciudad se prepara para una semana de gran concurrencia tur\u00edstica, donde se busca poner en valor el paseo, el turismo y la identidad goyana en el marco de este \u201cMundial de Pesca\u201d que ya est\u00e1 en plena carrera.<\/p>\n<\/div>\n<div>\u201cLa espera termin\u00f3\u201d, concluy\u00f3 Hormaechea, invitando a toda la audiencia a participar de estas jornadas que marcan un antes y un despu\u00e9s en la historia reciente de la ciudad.<\/div>\n<\/div>\n<\/div>\n","protected":false},"excerpt":{"rendered":"<p>El intendente municipal, doctor Mariano Hormaechea, anunci\u00f3 la apertura de espacios p\u00fablicos recuperados tras 40 a\u00f1os y la inauguraci\u00f3n de la Nueva Costanera, en el marco del inicio del \u201cMundial de Pesca\u201d que posiciona a la ciudad como vidriera al mundo. En una entrevista radial cargada de adrenalina y expectativas, el intendente de Goya doctor [&hellip;]<\/p>\n","protected":false},"author":4,"featured_media":150763,"comment_status":"closed","ping_status":"closed","sticky":false,"template":"","format":"standard","meta":{"footnotes":""},"categories":[45],"tags":[],"class_list":{"0":"post-150762","1":"post","2":"type-post","3":"status-publish","4":"format-standard","5":"has-post-thumbnail","7":"category-locales"},"_links":{"self":[{"href":"https:\/\/revistaesperanzas.com\/web\/wp-json\/wp\/v2\/posts\/150762","targetHints":{"allow":["GET"]}}],"collection":[{"href":"https:\/\/revistaesperanzas.com\/web\/wp-json\/wp\/v2\/posts"}],"about":[{"href":"https:\/\/revistaesperanzas.com\/web\/wp-json\/wp\/v2\/types\/post"}],"author":[{"embeddable":true,"href":"https:\/\/revistaesperanzas.com\/web\/wp-json\/wp\/v2\/users\/4"}],"replies":[{"embeddable":true,"href":"https:\/\/revistaesperanzas.com\/web\/wp-json\/wp\/v2\/comments?post=150762"}],"version-history":[{"count":2,"href":"https:\/\/revistaesperanzas.com\/web\/wp-json\/wp\/v2\/posts\/150762\/revisions"}],"predecessor-version":[{"id":150770,"href":"https:\/\/revistaesperanzas.com\/web\/wp-json\/wp\/v2\/posts\/150762\/revisions\/150770"}],"wp:featuredmedia":[{"embeddable":true,"href":"https:\/\/revistaesperanzas.com\/web\/wp-json\/wp\/v2\/media\/150763"}],"wp:attachment":[{"href":"https:\/\/revistaesperanzas.com\/web\/wp-json\/wp\/v2\/media?parent=150762"}],"wp:term":[{"taxonomy":"category","embeddable":true,"href":"https:\/\/revistaesperanzas.com\/web\/wp-json\/wp\/v2\/categories?post=150762"},{"taxonomy":"post_tag","embeddable":true,"href":"https:\/\/revistaesperanzas.com\/web\/wp-json\/wp\/v2\/tags?post=150762"}],"curies":[{"name":"wp","href":"https:\/\/api.w.org\/{rel}","templated":true}]}}