{"id":150771,"date":"2026-04-27T20:24:06","date_gmt":"2026-04-27T23:24:06","guid":{"rendered":"https:\/\/revistaesperanzas.com\/web\/?p=150771"},"modified":"2026-04-27T20:24:06","modified_gmt":"2026-04-27T23:24:06","slug":"operativo-medico-asistencial-en-escuela-n-336-de-cocalito","status":"publish","type":"post","link":"https:\/\/revistaesperanzas.com\/web\/2026\/04\/operativo-medico-asistencial-en-escuela-n-336-de-cocalito\/","title":{"rendered":"OPERATIVO M\u00c9DICO ASISTENCIAL EN ESCUELA N\u00b0 336 DE COCALITO"},"content":{"rendered":"<p style=\"font-weight: 400;\">Este martes:<\/p>\n<p style=\"font-weight: 400;\">Este martes 28 se desplegar\u00e1 el dispositivo medico asistencial en 3era Secci\u00f3n Paraje Cocalito, Escuela N\u00b0 336, desde las 9 de la ma\u00f1ana.<\/p>\n<p style=\"font-weight: 400;\">En la continuidad del esquema de Atenci\u00f3n Primaria de la Salud y Asistencia a las familias de la zona rural, se desplegar\u00e1 el dispositivo m\u00e9dico asistencial en el Paraje Cocalito, Escuela N\u00b0 336 de dicho Paraje.<\/p>\n","protected":false},"excerpt":{"rendered":"<p>Este martes: Este martes 28 se desplegar\u00e1 el dispositivo medico asistencial en 3era Secci\u00f3n Paraje Cocalito, Escuela N\u00b0 336, desde las 9 de la ma\u00f1ana. En la continuidad del esquema de Atenci\u00f3n Primaria de la Salud y Asistencia a las familias de la zona rural, se desplegar\u00e1 el dispositivo m\u00e9dico asistencial en el Paraje Cocalito, [&hellip;]<\/p>\n","protected":false},"author":4,"featured_media":150772,"comment_status":"closed","ping_status":"closed","sticky":false,"template":"","format":"standard","meta":{"footnotes":""},"categories":[45],"tags":[],"class_list":{"0":"post-150771","1":"post","2":"type-post","3":"status-publish","4":"format-standard","5":"has-post-thumbnail","7":"category-locales"},"_links":{"self":[{"href":"https:\/\/revistaesperanzas.com\/web\/wp-json\/wp\/v2\/posts\/150771","targetHints":{"allow":["GET"]}}],"collection":[{"href":"https:\/\/revistaesperanzas.com\/web\/wp-json\/wp\/v2\/posts"}],"about":[{"href":"https:\/\/revistaesperanzas.com\/web\/wp-json\/wp\/v2\/types\/post"}],"author":[{"embeddable":true,"href":"https:\/\/revistaesperanzas.com\/web\/wp-json\/wp\/v2\/users\/4"}],"replies":[{"embeddable":true,"href":"https:\/\/revistaesperanzas.com\/web\/wp-json\/wp\/v2\/comments?post=150771"}],"version-history":[{"count":1,"href":"https:\/\/revistaesperanzas.com\/web\/wp-json\/wp\/v2\/posts\/150771\/revisions"}],"predecessor-version":[{"id":150773,"href":"https:\/\/revistaesperanzas.com\/web\/wp-json\/wp\/v2\/posts\/150771\/revisions\/150773"}],"wp:featuredmedia":[{"embeddable":true,"href":"https:\/\/revistaesperanzas.com\/web\/wp-json\/wp\/v2\/media\/150772"}],"wp:attachment":[{"href":"https:\/\/revistaesperanzas.com\/web\/wp-json\/wp\/v2\/media?parent=150771"}],"wp:term":[{"taxonomy":"category","embeddable":true,"href":"https:\/\/revistaesperanzas.com\/web\/wp-json\/wp\/v2\/categories?post=150771"},{"taxonomy":"post_tag","embeddable":true,"href":"https:\/\/revistaesperanzas.com\/web\/wp-json\/wp\/v2\/tags?post=150771"}],"curies":[{"name":"wp","href":"https:\/\/api.w.org\/{rel}","templated":true}]}}