{"id":150782,"date":"2026-04-27T20:32:33","date_gmt":"2026-04-27T23:32:33","guid":{"rendered":"https:\/\/revistaesperanzas.com\/web\/?p=150782"},"modified":"2026-04-27T20:32:33","modified_gmt":"2026-04-27T23:32:33","slug":"myriam-fleitas-sera-una-de-las-conductoras-de-la-fiesta-nacional-del-surubi","status":"publish","type":"post","link":"https:\/\/revistaesperanzas.com\/web\/2026\/04\/myriam-fleitas-sera-una-de-las-conductoras-de-la-fiesta-nacional-del-surubi\/","title":{"rendered":"MYRIAM FLEITAS SER\u00c1 UNA DE LAS CONDUCTORAS DE LA FIESTA NACIONAL DEL SURUB\u00cd"},"content":{"rendered":"<p style=\"font-weight: 400;\">Myriam Fleitas ser\u00e1 una de las encargadas de conducir la edici\u00f3n 49\u00b0 de la Fiesta Nacional del Surub\u00ed. La experimentada presentadora pondr\u00e1 su talento al servicio de uno de los eventos m\u00e1s importantes del calendario correntino.<\/p>\n<p style=\"font-weight: 400;\">Fleitas, aunque nacida en Capital Federal, posee una vinculaci\u00f3n con Goya, una identidad<a href=\"https:\/\/revistaesperanzas.com\/web\/2026\/04\/myriam-fleitas-sera-una-de-las-conductoras-de-la-fiesta-nacional-del-surubi\/ilustracion-nota-myrian-fleitas-conduccion-fns-2-con-marcelo-nunez\/\" rel=\"attachment wp-att-150784\"><img loading=\"lazy\" decoding=\"async\" class=\" wp-image-150784 alignright\" src=\"https:\/\/revistaesperanzas.com\/web\/wp-content\/uploads\/2026\/04\/Ilustracion-nota-Myrian-Fleitas-conduccion-FNS-2-con-Marcelo-Nunez.jpg\" alt=\"\" width=\"400\" height=\"560\" srcset=\"https:\/\/revistaesperanzas.com\/web\/wp-content\/uploads\/2026\/04\/Ilustracion-nota-Myrian-Fleitas-conduccion-FNS-2-con-Marcelo-Nunez.jpg 500w, https:\/\/revistaesperanzas.com\/web\/wp-content\/uploads\/2026\/04\/Ilustracion-nota-Myrian-Fleitas-conduccion-FNS-2-con-Marcelo-Nunez-300x420.jpg 300w\" sizes=\"auto, (max-width: 400px) 100vw, 400px\" \/><\/a> que ella misma ha manifestado en diversas ocasiones.<\/p>\n<p style=\"font-weight: 400;\">La implicaci\u00f3n de esta con la Fiesta del Surub\u00ed se extiende m\u00e1s all\u00e1 de sus funciones de conducci\u00f3n. Coment\u00f3 en Radio Ciudad que su preparaci\u00f3n para el evento incluye la lectura de la programaci\u00f3n y el di\u00e1logo con los pescadores participantes, buscando interiorizarse en los detalles para poder transmitir la experiencia desde la perspectiva del espectador. Este enfoque subraya un inter\u00e9s en la tradici\u00f3n y la atm\u00f3sfera que rodean al &#8220;Mundial de Pesca&#8221;.<\/p>\n<p style=\"font-weight: 400;\">Existe una alta expectativa en torno a la participaci\u00f3n en el evento, un sentimiento compartido tanto por los organizadores como por los asistentes. La conductora ha se\u00f1alado que ha vivenciado la fiesta a lo largo de los a\u00f1os, observando su continua renovaci\u00f3n y el incremento de la expectativa y la adrenalina asociadas a la competencia.<\/p>\n<p style=\"font-weight: 400;\">Su participaci\u00f3n incluir\u00e1 la noche de apertura, con la responsabilidad de iniciar las actividades en el escenario, y la noche chamamecera, en la que se espera una alta afluencia de p\u00fablico.<\/p>\n<p style=\"font-weight: 400;\">Un momento destacado ser\u00e1 la noche de la pe\u00f1a, que tradicionalmente integra a los participantes en un ambiente de confraternidad de los pescadores. Este espacio contar\u00e1 con la preparaci\u00f3n de platos en vivo por parte de los protagonistas, es decir los pescadores, y la actuaci\u00f3n de grupos como Ambo\u00e9.<\/p>\n<p style=\"font-weight: 400;\">\u201cLa noche de la pe\u00f1a con los protagonistas cocinando en vivo y con Ambo\u00e9, que se tira todo al escenario, con esa energ\u00eda contagiosa de decir \u201cesto no es un show, esto es una enchamigada\u201d, donde los pescadores, las barras pesqueras y m\u00fasicos, comparten una energ\u00eda que une a todos y nos permite disfrutar'&#8221;, coment\u00f3 con entusiasmo. Su visi\u00f3n es clara: lograr un &#8220;ida y vuelta donde todo se mezcla y sale un plato de excelencia total&#8221;, donde cada pescador y artista se sientan protagonistas, parte fundamental de esta celebraci\u00f3n que une a la comunidad alrededor de una pasi\u00f3n compartida.<\/p>\n","protected":false},"excerpt":{"rendered":"<p>Myriam Fleitas ser\u00e1 una de las encargadas de conducir la edici\u00f3n 49\u00b0 de la Fiesta Nacional del Surub\u00ed. La experimentada presentadora pondr\u00e1 su talento al servicio de uno de los eventos m\u00e1s importantes del calendario correntino. Fleitas, aunque nacida en Capital Federal, posee una vinculaci\u00f3n con Goya, una identidad que ella misma ha manifestado en [&hellip;]<\/p>\n","protected":false},"author":4,"featured_media":150783,"comment_status":"closed","ping_status":"closed","sticky":false,"template":"","format":"standard","meta":{"footnotes":""},"categories":[45],"tags":[],"class_list":{"0":"post-150782","1":"post","2":"type-post","3":"status-publish","4":"format-standard","5":"has-post-thumbnail","7":"category-locales"},"_links":{"self":[{"href":"https:\/\/revistaesperanzas.com\/web\/wp-json\/wp\/v2\/posts\/150782","targetHints":{"allow":["GET"]}}],"collection":[{"href":"https:\/\/revistaesperanzas.com\/web\/wp-json\/wp\/v2\/posts"}],"about":[{"href":"https:\/\/revistaesperanzas.com\/web\/wp-json\/wp\/v2\/types\/post"}],"author":[{"embeddable":true,"href":"https:\/\/revistaesperanzas.com\/web\/wp-json\/wp\/v2\/users\/4"}],"replies":[{"embeddable":true,"href":"https:\/\/revistaesperanzas.com\/web\/wp-json\/wp\/v2\/comments?post=150782"}],"version-history":[{"count":2,"href":"https:\/\/revistaesperanzas.com\/web\/wp-json\/wp\/v2\/posts\/150782\/revisions"}],"predecessor-version":[{"id":150786,"href":"https:\/\/revistaesperanzas.com\/web\/wp-json\/wp\/v2\/posts\/150782\/revisions\/150786"}],"wp:featuredmedia":[{"embeddable":true,"href":"https:\/\/revistaesperanzas.com\/web\/wp-json\/wp\/v2\/media\/150783"}],"wp:attachment":[{"href":"https:\/\/revistaesperanzas.com\/web\/wp-json\/wp\/v2\/media?parent=150782"}],"wp:term":[{"taxonomy":"category","embeddable":true,"href":"https:\/\/revistaesperanzas.com\/web\/wp-json\/wp\/v2\/categories?post=150782"},{"taxonomy":"post_tag","embeddable":true,"href":"https:\/\/revistaesperanzas.com\/web\/wp-json\/wp\/v2\/tags?post=150782"}],"curies":[{"name":"wp","href":"https:\/\/api.w.org\/{rel}","templated":true}]}}