{"id":150787,"date":"2026-04-27T20:37:16","date_gmt":"2026-04-27T23:37:16","guid":{"rendered":"https:\/\/revistaesperanzas.com\/web\/?p=150787"},"modified":"2026-04-27T20:37:16","modified_gmt":"2026-04-27T23:37:16","slug":"solicitud-de-colaboracion-para-la-localizacion-y-paradero-de-la-menor-sequeira-ana-luz-marisela-de-16-anos-de-edad","status":"publish","type":"post","link":"https:\/\/revistaesperanzas.com\/web\/2026\/04\/solicitud-de-colaboracion-para-la-localizacion-y-paradero-de-la-menor-sequeira-ana-luz-marisela-de-16-anos-de-edad\/","title":{"rendered":"SOLICITUD DE COLABORACION PARA LA LOCALIZACION Y PARADERO DE LA MENOR SEQUEIRA ANA LUZ MARISELA DE 16 A\u00d1OS DE EDAD."},"content":{"rendered":"<p>GOBERNADOR VIRASORO &#8211; A trav\u00e9s de la presente Gacetilla, solicitamos a los distintos medios de comunicaci\u00f3n pueda ser reflejado-publicado sobre una solicitud enviada desde la Comisar\u00eda de Mujer y el Menor DE Gobernador Virasoro, quienes solicitan la colaboraci\u00f3n para dar difusi\u00f3n respecto a la b\u00fasqueda y localizaci\u00f3n de una menor identificada como<a href=\"https:\/\/revistaesperanzas.com\/web\/2026\/04\/solicitud-de-colaboracion-para-la-localizacion-y-paradero-de-la-menor-sequeira-ana-luz-marisela-de-16-anos-de-edad\/whatsapp-image-2026-04-27-at-14-10-57\/\" rel=\"attachment wp-att-150789\"><img loading=\"lazy\" decoding=\"async\" class=\" wp-image-150789 alignright\" src=\"https:\/\/revistaesperanzas.com\/web\/wp-content\/uploads\/2026\/04\/WhatsApp-Image-2026-04-27-at-14.10.57.jpeg\" alt=\"\" width=\"450\" height=\"630\" srcset=\"https:\/\/revistaesperanzas.com\/web\/wp-content\/uploads\/2026\/04\/WhatsApp-Image-2026-04-27-at-14.10.57.jpeg 500w, https:\/\/revistaesperanzas.com\/web\/wp-content\/uploads\/2026\/04\/WhatsApp-Image-2026-04-27-at-14.10.57-300x420.jpeg 300w\" sizes=\"auto, (max-width: 450px) 100vw, 450px\" \/><\/a> SEQUIERA ANA LUZ MARISELA DE 16 A\u00d1OS DE EDAD, quien conforme a la denuncia efectuada por una persona la misma se habr\u00eda ausentado de su domicilio en la tarde de ayer 26-04-26, dando intervenci\u00f3n de \u00e9sta situaci\u00f3n tambi\u00e9n a la fiscal\u00eda de Investigaci\u00f3n en turno.<\/p>\n<p>Sus caracter\u00edsticas f\u00edsicas son las siguientes: mide 1,50 metros aproximadamente, cabello de color negro. VESTIA: una blusa de color Marr\u00f3n claro con detalles en plateado, calza de color azul, zapatillas de color marr\u00f3n con la planta blanca de marca Adidas, con una mochila de color azul oscuro.<\/p>\n<p>Es por ello, que independientemente de la labor de b\u00fasqueda que \u00e9sta realizando la Polic\u00eda, se solicita la colaboraci\u00f3n a los distintos medios period\u00edsticos para su publicaci\u00f3n y de esa manera dar a conocer a la poblaci\u00f3n en general, para que aquellas personas que puedan aportar datos ciertos y que ayuden a lograr encontrar a este menor, puedan hacerlo ante la citada Comisar\u00eda de la Mujer y el Menor nro. 3756-557604; o la Dependencia Policial m\u00e1s cercana a su domicilio y\/o comunicarse al n\u00famero telef\u00f3nico gratuito del Sistema Integral de Seguridad (S.I.S.) 911 en la Capital y 101 en el Interior Provincial.<\/p>\n","protected":false},"excerpt":{"rendered":"<p>GOBERNADOR VIRASORO &#8211; A trav\u00e9s de la presente Gacetilla, solicitamos a los distintos medios de comunicaci\u00f3n pueda ser reflejado-publicado sobre una solicitud enviada desde la Comisar\u00eda de Mujer y el Menor DE Gobernador Virasoro, quienes solicitan la colaboraci\u00f3n para dar difusi\u00f3n respecto a la b\u00fasqueda y localizaci\u00f3n de una menor identificada como SEQUIERA ANA LUZ [&hellip;]<\/p>\n","protected":false},"author":4,"featured_media":150788,"comment_status":"closed","ping_status":"closed","sticky":false,"template":"","format":"standard","meta":{"footnotes":""},"categories":[58],"tags":[],"class_list":{"0":"post-150787","1":"post","2":"type-post","3":"status-publish","4":"format-standard","5":"has-post-thumbnail","7":"category-corrientes"},"_links":{"self":[{"href":"https:\/\/revistaesperanzas.com\/web\/wp-json\/wp\/v2\/posts\/150787","targetHints":{"allow":["GET"]}}],"collection":[{"href":"https:\/\/revistaesperanzas.com\/web\/wp-json\/wp\/v2\/posts"}],"about":[{"href":"https:\/\/revistaesperanzas.com\/web\/wp-json\/wp\/v2\/types\/post"}],"author":[{"embeddable":true,"href":"https:\/\/revistaesperanzas.com\/web\/wp-json\/wp\/v2\/users\/4"}],"replies":[{"embeddable":true,"href":"https:\/\/revistaesperanzas.com\/web\/wp-json\/wp\/v2\/comments?post=150787"}],"version-history":[{"count":2,"href":"https:\/\/revistaesperanzas.com\/web\/wp-json\/wp\/v2\/posts\/150787\/revisions"}],"predecessor-version":[{"id":150791,"href":"https:\/\/revistaesperanzas.com\/web\/wp-json\/wp\/v2\/posts\/150787\/revisions\/150791"}],"wp:featuredmedia":[{"embeddable":true,"href":"https:\/\/revistaesperanzas.com\/web\/wp-json\/wp\/v2\/media\/150788"}],"wp:attachment":[{"href":"https:\/\/revistaesperanzas.com\/web\/wp-json\/wp\/v2\/media?parent=150787"}],"wp:term":[{"taxonomy":"category","embeddable":true,"href":"https:\/\/revistaesperanzas.com\/web\/wp-json\/wp\/v2\/categories?post=150787"},{"taxonomy":"post_tag","embeddable":true,"href":"https:\/\/revistaesperanzas.com\/web\/wp-json\/wp\/v2\/tags?post=150787"}],"curies":[{"name":"wp","href":"https:\/\/api.w.org\/{rel}","templated":true}]}}