{"id":150796,"date":"2026-04-28T09:06:18","date_gmt":"2026-04-28T12:06:18","guid":{"rendered":"https:\/\/revistaesperanzas.com\/web\/?p=150796"},"modified":"2026-04-28T09:06:18","modified_gmt":"2026-04-28T12:06:18","slug":"comisaria-de-la-mujer-y-la-mujer","status":"publish","type":"post","link":"https:\/\/revistaesperanzas.com\/web\/2026\/04\/comisaria-de-la-mujer-y-la-mujer\/","title":{"rendered":"COMISARIA DE LA MUJER Y LA MUJER"},"content":{"rendered":"<p>VIRASORO\u00a0 &#8211;\u00a0 Fue localizada sana y salva la menor Sequeira Ana Luz Marisela de 16 a\u00f1os de edad por lo que se deja sin efecto el pedido de b\u00fasqueda de paradero y localizaci\u00f3n<a href=\"https:\/\/revistaesperanzas.com\/web\/2026\/04\/comisaria-de-la-mujer-y-la-mujer\/whatsapp-image-2026-04-27-at-20-44-04\/\" rel=\"attachment wp-att-150798\"><img loading=\"lazy\" decoding=\"async\" class=\" wp-image-150798 alignleft\" src=\"https:\/\/revistaesperanzas.com\/web\/wp-content\/uploads\/2026\/04\/WhatsApp-Image-2026-04-27-at-20.44.04.jpeg\" alt=\"\" width=\"400\" height=\"500\" srcset=\"https:\/\/revistaesperanzas.com\/web\/wp-content\/uploads\/2026\/04\/WhatsApp-Image-2026-04-27-at-20.44.04.jpeg 500w, https:\/\/revistaesperanzas.com\/web\/wp-content\/uploads\/2026\/04\/WhatsApp-Image-2026-04-27-at-20.44.04-336x420.jpeg 336w\" sizes=\"auto, (max-width: 400px) 100vw, 400px\" \/><\/a><\/p>\n<p>Por medio de esta gacetilla policial se agradece la colaboraci\u00f3n de los distintos medios de comunicaci\u00f3n y de la poblaci\u00f3n en general y adem\u00e1s se solicita <strong>DEJAR SIN EFECTO LA SOLICITUD DE PARADERO Y DE LOCALIZACION DE LA MENOR SEQUEIRA ANA LUZ MARISELA DE 16 A\u00d1OS DE EDAD<\/strong>, solicitado oportunamente por la Comisar\u00eda de la Mujer y el Menor de Virasoro. Cabe se\u00f1alar que, la misma fue localizada sana y salva y de cuya situaci\u00f3n ya tom\u00f3 conocimiento la denunciante. (Solicitud enviada oportunamente, desde este Departamento de Relaciones Institucionales mediante 2da Ampliaci\u00f3n de Gacetilla de fecha 27-04-26).<\/p>\n<p>Al respecto, en la citada Comisar\u00eda, se prosiguen con las diligencias del caso, con conocimiento de las autoridades judiciales intervinientes.<\/p>\n","protected":false},"excerpt":{"rendered":"<p>VIRASORO\u00a0 &#8211;\u00a0 Fue localizada sana y salva la menor Sequeira Ana Luz Marisela de 16 a\u00f1os de edad por lo que se deja sin efecto el pedido de b\u00fasqueda de paradero y localizaci\u00f3n Por medio de esta gacetilla policial se agradece la colaboraci\u00f3n de los distintos medios de comunicaci\u00f3n y de la poblaci\u00f3n en general [&hellip;]<\/p>\n","protected":false},"author":4,"featured_media":150797,"comment_status":"closed","ping_status":"closed","sticky":false,"template":"","format":"standard","meta":{"footnotes":""},"categories":[58],"tags":[],"class_list":{"0":"post-150796","1":"post","2":"type-post","3":"status-publish","4":"format-standard","5":"has-post-thumbnail","7":"category-corrientes"},"_links":{"self":[{"href":"https:\/\/revistaesperanzas.com\/web\/wp-json\/wp\/v2\/posts\/150796","targetHints":{"allow":["GET"]}}],"collection":[{"href":"https:\/\/revistaesperanzas.com\/web\/wp-json\/wp\/v2\/posts"}],"about":[{"href":"https:\/\/revistaesperanzas.com\/web\/wp-json\/wp\/v2\/types\/post"}],"author":[{"embeddable":true,"href":"https:\/\/revistaesperanzas.com\/web\/wp-json\/wp\/v2\/users\/4"}],"replies":[{"embeddable":true,"href":"https:\/\/revistaesperanzas.com\/web\/wp-json\/wp\/v2\/comments?post=150796"}],"version-history":[{"count":2,"href":"https:\/\/revistaesperanzas.com\/web\/wp-json\/wp\/v2\/posts\/150796\/revisions"}],"predecessor-version":[{"id":150800,"href":"https:\/\/revistaesperanzas.com\/web\/wp-json\/wp\/v2\/posts\/150796\/revisions\/150800"}],"wp:featuredmedia":[{"embeddable":true,"href":"https:\/\/revistaesperanzas.com\/web\/wp-json\/wp\/v2\/media\/150797"}],"wp:attachment":[{"href":"https:\/\/revistaesperanzas.com\/web\/wp-json\/wp\/v2\/media?parent=150796"}],"wp:term":[{"taxonomy":"category","embeddable":true,"href":"https:\/\/revistaesperanzas.com\/web\/wp-json\/wp\/v2\/categories?post=150796"},{"taxonomy":"post_tag","embeddable":true,"href":"https:\/\/revistaesperanzas.com\/web\/wp-json\/wp\/v2\/tags?post=150796"}],"curies":[{"name":"wp","href":"https:\/\/api.w.org\/{rel}","templated":true}]}}