{"id":150801,"date":"2026-04-28T09:13:51","date_gmt":"2026-04-28T12:13:51","guid":{"rendered":"https:\/\/revistaesperanzas.com\/web\/?p=150801"},"modified":"2026-04-28T09:13:51","modified_gmt":"2026-04-28T12:13:51","slug":"la-policia-recupera-una-camioneta-robada-y-demora-a-los-ocupantes","status":"publish","type":"post","link":"https:\/\/revistaesperanzas.com\/web\/2026\/04\/la-policia-recupera-una-camioneta-robada-y-demora-a-los-ocupantes\/","title":{"rendered":"LA POLIC\u00cdA RECUPERA UNA CAMIONETA ROBADA Y DEMORA A LOS OCUPANTES"},"content":{"rendered":"<p>Tras un r\u00e1pido accionar, la Polic\u00eda recuper\u00f3 un autom\u00f3vil denunciado como sustra\u00eddo. Existen dos personas demoradas.<\/p>\n<p>Efectivos policiales de la Unidad Especial Antiarrebatos en forma conjunta y coordinada con<a href=\"https:\/\/revistaesperanzas.com\/web\/2026\/04\/la-policia-recupera-una-camioneta-robada-y-demora-a-los-ocupantes\/whatsapp-image-2026-04-27-at-22-31-19-3\/\" rel=\"attachment wp-att-150803\"><img loading=\"lazy\" decoding=\"async\" class=\" wp-image-150803 alignright\" src=\"https:\/\/revistaesperanzas.com\/web\/wp-content\/uploads\/2026\/04\/WhatsApp-Image-2026-04-27-at-22.31.19-3.jpeg\" alt=\"\" width=\"350\" height=\"438\" srcset=\"https:\/\/revistaesperanzas.com\/web\/wp-content\/uploads\/2026\/04\/WhatsApp-Image-2026-04-27-at-22.31.19-3.jpeg 500w, https:\/\/revistaesperanzas.com\/web\/wp-content\/uploads\/2026\/04\/WhatsApp-Image-2026-04-27-at-22.31.19-3-336x420.jpeg 336w\" sizes=\"auto, (max-width: 350px) 100vw, 350px\" \/><\/a> otras \u00e1reas de la Polic\u00eda, lograron en horas de la tarde de hoy 27-04-26, tras un r\u00e1pido accionar, recuperar una camioneta denunciada como sustra\u00edda en un domicilio ubicado en Paso Mart\u00ednez, donde personas desconocidas sustrajeron una camioneta \u2013marca Renault Sandero Duster-, cuyo hecho qued\u00f3 registrado en las c\u00e1maras de seguridad que habr\u00eda ocurrido en horas de la madrugada de la fecha, pudi\u00e9ndose identificar al presunto autor y sus c\u00f3mplices, quienes fueron demorados en la v\u00eda p\u00fablica dos de ellos, tras un seguimiento controlado por los barrios Lomas del Mirador, Molina Punta y Punta Taitalo, siendo finalmente demorados dos de los ocupantes del rodado, quienes estar\u00edan presuntamente sindicados como colaboradores del hecho.<\/p>\n<p>El procedimiento, habr\u00eda finalizado por intersecci\u00f3n calles Los Tulipanes y Bilbao, donde identificaron y demoraron a los mismos, trat\u00e1ndose de una mujer de 22 y un hombre de 31<a href=\"https:\/\/revistaesperanzas.com\/web\/2026\/04\/la-policia-recupera-una-camioneta-robada-y-demora-a-los-ocupantes\/whatsapp-image-2026-04-27-at-22-31-19-4\/\" rel=\"attachment wp-att-150804\"><img loading=\"lazy\" decoding=\"async\" class=\" wp-image-150804 alignleft\" src=\"https:\/\/revistaesperanzas.com\/web\/wp-content\/uploads\/2026\/04\/WhatsApp-Image-2026-04-27-at-22.31.19-4.jpeg\" alt=\"\" width=\"450\" height=\"315\" srcset=\"https:\/\/revistaesperanzas.com\/web\/wp-content\/uploads\/2026\/04\/WhatsApp-Image-2026-04-27-at-22.31.19-4.jpeg 600w, https:\/\/revistaesperanzas.com\/web\/wp-content\/uploads\/2026\/04\/WhatsApp-Image-2026-04-27-at-22.31.19-4-100x70.jpeg 100w\" sizes=\"auto, (max-width: 450px) 100vw, 450px\" \/><\/a> a\u00f1os de edad.<\/p>\n<p>Cabe se\u00f1alar que, el presunto autor ser\u00eda de alias \u201cni\u00f1o rata\u201d, acompa\u00f1ado de otros de apodos \u201cpaloi\u201d y \u201cgoma\u201d, todos con frondosos prontuarios, quienes adem\u00e1s estar\u00edan presuntamente involucrados a otro hecho delictivo relacionados la sustracci\u00f3n de una motocicleta del interior de un country que tambi\u00e9n fue recuperada en la jornada de hoy y, el primero nombrado d\u00edas pasado ya fue detenido en otra causa.<\/p>\n<p>Por el hecho, se contin\u00faan realizando los trabajos investigativos a fin de dar con su localizaci\u00f3n y posterior aprehensi\u00f3n, en tanto las personas demoradas y el rodado secuestrado fueron puestos a disposici\u00f3n de la justicia y trasladados hasta la comisaria jurisdiccional a fin de continuar con las diligencias al respecto.<\/p>\n","protected":false},"excerpt":{"rendered":"<p>Tras un r\u00e1pido accionar, la Polic\u00eda recuper\u00f3 un autom\u00f3vil denunciado como sustra\u00eddo. Existen dos personas demoradas. Efectivos policiales de la Unidad Especial Antiarrebatos en forma conjunta y coordinada con otras \u00e1reas de la Polic\u00eda, lograron en horas de la tarde de hoy 27-04-26, tras un r\u00e1pido accionar, recuperar una camioneta denunciada como sustra\u00edda en un [&hellip;]<\/p>\n","protected":false},"author":4,"featured_media":150802,"comment_status":"closed","ping_status":"closed","sticky":false,"template":"","format":"standard","meta":{"footnotes":""},"categories":[58],"tags":[],"class_list":{"0":"post-150801","1":"post","2":"type-post","3":"status-publish","4":"format-standard","5":"has-post-thumbnail","7":"category-corrientes"},"_links":{"self":[{"href":"https:\/\/revistaesperanzas.com\/web\/wp-json\/wp\/v2\/posts\/150801","targetHints":{"allow":["GET"]}}],"collection":[{"href":"https:\/\/revistaesperanzas.com\/web\/wp-json\/wp\/v2\/posts"}],"about":[{"href":"https:\/\/revistaesperanzas.com\/web\/wp-json\/wp\/v2\/types\/post"}],"author":[{"embeddable":true,"href":"https:\/\/revistaesperanzas.com\/web\/wp-json\/wp\/v2\/users\/4"}],"replies":[{"embeddable":true,"href":"https:\/\/revistaesperanzas.com\/web\/wp-json\/wp\/v2\/comments?post=150801"}],"version-history":[{"count":2,"href":"https:\/\/revistaesperanzas.com\/web\/wp-json\/wp\/v2\/posts\/150801\/revisions"}],"predecessor-version":[{"id":150806,"href":"https:\/\/revistaesperanzas.com\/web\/wp-json\/wp\/v2\/posts\/150801\/revisions\/150806"}],"wp:featuredmedia":[{"embeddable":true,"href":"https:\/\/revistaesperanzas.com\/web\/wp-json\/wp\/v2\/media\/150802"}],"wp:attachment":[{"href":"https:\/\/revistaesperanzas.com\/web\/wp-json\/wp\/v2\/media?parent=150801"}],"wp:term":[{"taxonomy":"category","embeddable":true,"href":"https:\/\/revistaesperanzas.com\/web\/wp-json\/wp\/v2\/categories?post=150801"},{"taxonomy":"post_tag","embeddable":true,"href":"https:\/\/revistaesperanzas.com\/web\/wp-json\/wp\/v2\/tags?post=150801"}],"curies":[{"name":"wp","href":"https:\/\/api.w.org\/{rel}","templated":true}]}}