{"id":150807,"date":"2026-04-28T09:15:08","date_gmt":"2026-04-28T12:15:08","guid":{"rendered":"https:\/\/revistaesperanzas.com\/web\/?p=150807"},"modified":"2026-04-28T09:15:08","modified_gmt":"2026-04-28T12:15:08","slug":"trabajo-en-conjunto-4","status":"publish","type":"post","link":"https:\/\/revistaesperanzas.com\/web\/2026\/04\/trabajo-en-conjunto-4\/","title":{"rendered":"TRABAJO EN CONJUNTO"},"content":{"rendered":"<p>Tras r\u00e1pido accionar, la Polic\u00eda recuper\u00f3 una motocicleta que fuera denunciada como sustra\u00edda<\/p>\n<p>En la jornada de hoy 27-04-26, efectivos policiales de la Comisar\u00eda D\u00e9cima Urbana en forma conjunta con la Unidad Especial Antiarrebatos, en el marco de un legajo judicial que se investiga, referente a la sustracci\u00f3n de una motocicleta, en un r\u00e1pido y eficaz accionar, lograron finalmente recuperar el rodado.<\/p>\n<p>El procedimiento se concret\u00f3 luego de que los citados efectivos tomaron conocimiento de un hecho delictivo ocurrido en la madrugada, donde personas de identidad desconocida habr\u00edan sustra\u00eddo una motocicleta -marca Zanella ZB 110cc.- de un inmueble ubicado por Ruta Provincial N\u00b0 5, por lo que, r\u00e1pidamente iniciaron una amplia labor investigativa.<\/p>\n<p>En ese contexto y encontr\u00e1ndose de recorridas en inmediaciones de la jurisdicci\u00f3n, divisaron a un joven a bordo de una motocicleta con similares caracter\u00edsticas, quien, al notar la presencia policial abandono el rodado en la v\u00eda p\u00fablica, m\u00e1s precisamente por calles Costanera Norte y Zaragoza, perdi\u00e9ndose en las inmediaciones, procediendo los efectivos al secuestro de la motocicleta, la cual, tras las correspondientes averiguaciones, result\u00f3 ser la denunciada como sustra\u00edda, adem\u00e1s, cabe se\u00f1alar, que el presunto autor se encuentra identificado y se contin\u00faan con las tareas para lograr su demora.<\/p>\n<p>EL rodado recuperado fue puesto a disposici\u00f3n de la justicia y trasladado a la citada dependencia, donde se prosiguieron con los tramites de rigor.<\/p>\n","protected":false},"excerpt":{"rendered":"<p>Tras r\u00e1pido accionar, la Polic\u00eda recuper\u00f3 una motocicleta que fuera denunciada como sustra\u00edda En la jornada de hoy 27-04-26, efectivos policiales de la Comisar\u00eda D\u00e9cima Urbana en forma conjunta con la Unidad Especial Antiarrebatos, en el marco de un legajo judicial que se investiga, referente a la sustracci\u00f3n de una motocicleta, en un r\u00e1pido y [&hellip;]<\/p>\n","protected":false},"author":4,"featured_media":150808,"comment_status":"closed","ping_status":"closed","sticky":false,"template":"","format":"standard","meta":{"footnotes":""},"categories":[58],"tags":[],"class_list":{"0":"post-150807","1":"post","2":"type-post","3":"status-publish","4":"format-standard","5":"has-post-thumbnail","7":"category-corrientes"},"_links":{"self":[{"href":"https:\/\/revistaesperanzas.com\/web\/wp-json\/wp\/v2\/posts\/150807","targetHints":{"allow":["GET"]}}],"collection":[{"href":"https:\/\/revistaesperanzas.com\/web\/wp-json\/wp\/v2\/posts"}],"about":[{"href":"https:\/\/revistaesperanzas.com\/web\/wp-json\/wp\/v2\/types\/post"}],"author":[{"embeddable":true,"href":"https:\/\/revistaesperanzas.com\/web\/wp-json\/wp\/v2\/users\/4"}],"replies":[{"embeddable":true,"href":"https:\/\/revistaesperanzas.com\/web\/wp-json\/wp\/v2\/comments?post=150807"}],"version-history":[{"count":1,"href":"https:\/\/revistaesperanzas.com\/web\/wp-json\/wp\/v2\/posts\/150807\/revisions"}],"predecessor-version":[{"id":150809,"href":"https:\/\/revistaesperanzas.com\/web\/wp-json\/wp\/v2\/posts\/150807\/revisions\/150809"}],"wp:featuredmedia":[{"embeddable":true,"href":"https:\/\/revistaesperanzas.com\/web\/wp-json\/wp\/v2\/media\/150808"}],"wp:attachment":[{"href":"https:\/\/revistaesperanzas.com\/web\/wp-json\/wp\/v2\/media?parent=150807"}],"wp:term":[{"taxonomy":"category","embeddable":true,"href":"https:\/\/revistaesperanzas.com\/web\/wp-json\/wp\/v2\/categories?post=150807"},{"taxonomy":"post_tag","embeddable":true,"href":"https:\/\/revistaesperanzas.com\/web\/wp-json\/wp\/v2\/tags?post=150807"}],"curies":[{"name":"wp","href":"https:\/\/api.w.org\/{rel}","templated":true}]}}