{"id":150810,"date":"2026-04-28T09:15:59","date_gmt":"2026-04-28T12:15:59","guid":{"rendered":"https:\/\/revistaesperanzas.com\/web\/?p=150810"},"modified":"2026-04-28T09:18:33","modified_gmt":"2026-04-28T12:18:33","slug":"division-de-investigacion-criminal-curuzu-cuatia-2","status":"publish","type":"post","link":"https:\/\/revistaesperanzas.com\/web\/2026\/04\/division-de-investigacion-criminal-curuzu-cuatia-2\/","title":{"rendered":"DIVISI\u00d3N DE INVESTIGACI\u00d3N CRIMINAL &#8211; CURUZ\u00da CUATI\u00c1"},"content":{"rendered":"<p>Tras un allanamiento realizado, la Polic\u00eda secuestr\u00f3 un arma de fuego, dinero en efectivo y tel\u00e9fonos celulares.<\/p>\n<p>En horas de la tarde de hoy 27-04-26, efectivos policiales dependientes de la Divisi\u00f3n de Investigaci\u00f3n Criminal de Curuz\u00fa Cuatia, tras llevar adelante tareas investigativas<a href=\"https:\/\/revistaesperanzas.com\/web\/2026\/04\/division-de-investigacion-criminal-curuzu-cuatia-2\/whatsapp-image-2026-04-27-at-22-31-18\/\" rel=\"attachment wp-att-150813\"><img loading=\"lazy\" decoding=\"async\" class=\" wp-image-150813 alignright\" src=\"https:\/\/revistaesperanzas.com\/web\/wp-content\/uploads\/2026\/04\/WhatsApp-Image-2026-04-27-at-22.31.18.jpeg\" alt=\"\" width=\"370\" height=\"463\" srcset=\"https:\/\/revistaesperanzas.com\/web\/wp-content\/uploads\/2026\/04\/WhatsApp-Image-2026-04-27-at-22.31.18.jpeg 500w, https:\/\/revistaesperanzas.com\/web\/wp-content\/uploads\/2026\/04\/WhatsApp-Image-2026-04-27-at-22.31.18-336x420.jpeg 336w\" sizes=\"auto, (max-width: 370px) 100vw, 370px\" \/><\/a> relacionadas a un legajo judicial, diligenciaron una orden de allanamiento en un domicilio ubicado en el barrio Las Flores.<\/p>\n<p>En la oportunidad, los mencionados efectivos lograron hallar y secuestrar dinero en efectivo, un arma de fuego -calibre 22- y tres tel\u00e9fonos celulares, relacionados presuntamente ala causa que se investiga.<\/p>\n<p>Al respecto, los elementos secuestrados fueron puestos a disposici\u00f3n de la justicia y trasladados hasta la citada dependencia a fin de continuar con las diligencias correspondientes del caso.<\/p>\n","protected":false},"excerpt":{"rendered":"<p>Tras un allanamiento realizado, la Polic\u00eda secuestr\u00f3 un arma de fuego, dinero en efectivo y tel\u00e9fonos celulares. En horas de la tarde de hoy 27-04-26, efectivos policiales dependientes de la Divisi\u00f3n de Investigaci\u00f3n Criminal de Curuz\u00fa Cuatia, tras llevar adelante tareas investigativas relacionadas a un legajo judicial, diligenciaron una orden de allanamiento en un domicilio [&hellip;]<\/p>\n","protected":false},"author":4,"featured_media":150811,"comment_status":"closed","ping_status":"closed","sticky":false,"template":"","format":"standard","meta":{"footnotes":""},"categories":[58],"tags":[],"class_list":{"0":"post-150810","1":"post","2":"type-post","3":"status-publish","4":"format-standard","5":"has-post-thumbnail","7":"category-corrientes"},"_links":{"self":[{"href":"https:\/\/revistaesperanzas.com\/web\/wp-json\/wp\/v2\/posts\/150810","targetHints":{"allow":["GET"]}}],"collection":[{"href":"https:\/\/revistaesperanzas.com\/web\/wp-json\/wp\/v2\/posts"}],"about":[{"href":"https:\/\/revistaesperanzas.com\/web\/wp-json\/wp\/v2\/types\/post"}],"author":[{"embeddable":true,"href":"https:\/\/revistaesperanzas.com\/web\/wp-json\/wp\/v2\/users\/4"}],"replies":[{"embeddable":true,"href":"https:\/\/revistaesperanzas.com\/web\/wp-json\/wp\/v2\/comments?post=150810"}],"version-history":[{"count":2,"href":"https:\/\/revistaesperanzas.com\/web\/wp-json\/wp\/v2\/posts\/150810\/revisions"}],"predecessor-version":[{"id":150814,"href":"https:\/\/revistaesperanzas.com\/web\/wp-json\/wp\/v2\/posts\/150810\/revisions\/150814"}],"wp:featuredmedia":[{"embeddable":true,"href":"https:\/\/revistaesperanzas.com\/web\/wp-json\/wp\/v2\/media\/150811"}],"wp:attachment":[{"href":"https:\/\/revistaesperanzas.com\/web\/wp-json\/wp\/v2\/media?parent=150810"}],"wp:term":[{"taxonomy":"category","embeddable":true,"href":"https:\/\/revistaesperanzas.com\/web\/wp-json\/wp\/v2\/categories?post=150810"},{"taxonomy":"post_tag","embeddable":true,"href":"https:\/\/revistaesperanzas.com\/web\/wp-json\/wp\/v2\/tags?post=150810"}],"curies":[{"name":"wp","href":"https:\/\/api.w.org\/{rel}","templated":true}]}}