{"id":150815,"date":"2026-04-28T09:21:10","date_gmt":"2026-04-28T12:21:10","guid":{"rendered":"https:\/\/revistaesperanzas.com\/web\/?p=150815"},"modified":"2026-04-28T09:21:10","modified_gmt":"2026-04-28T12:21:10","slug":"salud-mental-taller-de-duelo","status":"publish","type":"post","link":"https:\/\/revistaesperanzas.com\/web\/2026\/04\/salud-mental-taller-de-duelo\/","title":{"rendered":"Salud Mental  TALLER DE DUELO"},"content":{"rendered":"<p style=\"font-weight: 400;\"><em>Un espacio seguro para el duelo: nueva convocatoria abierta a la comunidad<\/em><\/p>\n<p style=\"font-weight: 400;\">Se invita a participar del Taller de Duelo el martes 28 de abril desde las 16 horas, en el Centro de D\u00eda Municipal &#8220;Pich\u00f3n Riviere&#8221; (Av. Sarmiento N\u00b0 904, esquina Jos\u00e9 Mar\u00eda Soto). La convocatoria es abierta a la comunidad.<\/p>\n<p style=\"font-weight: 400;\">Continuando con esta l\u00ednea de trabajo, la Direcci\u00f3n de Salud Mental anuncia la creaci\u00f3n de un nuevo espacio de contenci\u00f3n: el Taller de Duelo. Este taller est\u00e1 dise\u00f1ado para ofrecer un lugar seguro y de acompa\u00f1amiento ante las diversas formas de p\u00e9rdida que atraviesan las personas, entendiendo que el duelo no se limita \u00fanicamente a la p\u00e9rdida de un ser querido.<\/p>\n<p style=\"font-weight: 400;\">&#8211; Modalidad: Abierto a todo p\u00fablico.<\/p>\n<p style=\"font-weight: 400;\">&#8211; Inscripciones: Los interesados pueden inscribirse o solicitar m\u00e1s informaci\u00f3n enviando un mensaje de WhatsApp al 3777339378.<\/p>\n<p style=\"font-weight: 400;\">La Direcci\u00f3n de Salud Mental invita a toda la comunidad a sumarse a esta valiosa propuesta, reforzando su compromiso con la promoci\u00f3n de la salud mental y el bienestar integral en Goya.<\/p>\n","protected":false},"excerpt":{"rendered":"<p>Un espacio seguro para el duelo: nueva convocatoria abierta a la comunidad Se invita a participar del Taller de Duelo el martes 28 de abril desde las 16 horas, en el Centro de D\u00eda Municipal &#8220;Pich\u00f3n Riviere&#8221; (Av. Sarmiento N\u00b0 904, esquina Jos\u00e9 Mar\u00eda Soto). La convocatoria es abierta a la comunidad. Continuando con esta [&hellip;]<\/p>\n","protected":false},"author":4,"featured_media":150816,"comment_status":"closed","ping_status":"closed","sticky":false,"template":"","format":"standard","meta":{"footnotes":""},"categories":[45],"tags":[],"class_list":{"0":"post-150815","1":"post","2":"type-post","3":"status-publish","4":"format-standard","5":"has-post-thumbnail","7":"category-locales"},"_links":{"self":[{"href":"https:\/\/revistaesperanzas.com\/web\/wp-json\/wp\/v2\/posts\/150815","targetHints":{"allow":["GET"]}}],"collection":[{"href":"https:\/\/revistaesperanzas.com\/web\/wp-json\/wp\/v2\/posts"}],"about":[{"href":"https:\/\/revistaesperanzas.com\/web\/wp-json\/wp\/v2\/types\/post"}],"author":[{"embeddable":true,"href":"https:\/\/revistaesperanzas.com\/web\/wp-json\/wp\/v2\/users\/4"}],"replies":[{"embeddable":true,"href":"https:\/\/revistaesperanzas.com\/web\/wp-json\/wp\/v2\/comments?post=150815"}],"version-history":[{"count":1,"href":"https:\/\/revistaesperanzas.com\/web\/wp-json\/wp\/v2\/posts\/150815\/revisions"}],"predecessor-version":[{"id":150817,"href":"https:\/\/revistaesperanzas.com\/web\/wp-json\/wp\/v2\/posts\/150815\/revisions\/150817"}],"wp:featuredmedia":[{"embeddable":true,"href":"https:\/\/revistaesperanzas.com\/web\/wp-json\/wp\/v2\/media\/150816"}],"wp:attachment":[{"href":"https:\/\/revistaesperanzas.com\/web\/wp-json\/wp\/v2\/media?parent=150815"}],"wp:term":[{"taxonomy":"category","embeddable":true,"href":"https:\/\/revistaesperanzas.com\/web\/wp-json\/wp\/v2\/categories?post=150815"},{"taxonomy":"post_tag","embeddable":true,"href":"https:\/\/revistaesperanzas.com\/web\/wp-json\/wp\/v2\/tags?post=150815"}],"curies":[{"name":"wp","href":"https:\/\/api.w.org\/{rel}","templated":true}]}}