{"id":150836,"date":"2026-04-28T19:08:00","date_gmt":"2026-04-28T22:08:00","guid":{"rendered":"https:\/\/revistaesperanzas.com\/web\/?p=150836"},"modified":"2026-04-28T19:08:01","modified_gmt":"2026-04-28T22:08:01","slug":"provincia-y-municipio-inauguran-hoy-martes-la-nueva-costanera","status":"publish","type":"post","link":"https:\/\/revistaesperanzas.com\/web\/2026\/04\/provincia-y-municipio-inauguran-hoy-martes-la-nueva-costanera\/","title":{"rendered":"PROVINCIA Y MUNICIPIO INAUGURAN HOY MARTES LA NUEVA COSTANERA"},"content":{"rendered":"<p style=\"font-weight: 400;\">El nuevo paseo posibilitar\u00e1 mirar al r\u00edo de frente, con un anfiteatro natural, nuevo orgullo de los goyanos.<\/p>\n<p style=\"font-weight: 400;\">Este martes 28 de abril, a las 20 horas, el gobernador de Corrientes, Juan Pablo Vald\u00e9s y el intendente Municipal de Goya, doctor Mariano Hormaechea inaugurar\u00e1n las obras de remodelaci\u00f3n y puesta en valor de la nueva costanera y Plaza Italia en Goya.<\/p>\n<p style=\"font-weight: 400;\">Adem\u00e1s, prender\u00e1n las modernas luminarias que dar\u00e1n un marco imponente al lugar.<\/p>\n<p style=\"font-weight: 400;\">INTENDENTE HORMAECHEA Y EQUIPO<\/p>\n<p style=\"font-weight: 400;\">Este martes en horas de la ma\u00f1ana, el jefe comunal y parte del equipo municipal que lo acompa\u00f1\u00f3, realizaron un recorrido por el lugar constatando los \u00faltimos trabajos que all\u00ed se ejecutan.<a href=\"https:\/\/revistaesperanzas.com\/web\/2026\/04\/provincia-y-municipio-inauguran-hoy-martes-la-nueva-costanera\/acto-simbolico-para-retirar-el-cerco-perimetral-que-protegia-la-obra\/\" rel=\"attachment wp-att-150839\"><img loading=\"lazy\" decoding=\"async\" class=\"alignnone  wp-image-150839\" src=\"https:\/\/revistaesperanzas.com\/web\/wp-content\/uploads\/2026\/04\/acto-simbolico-para-retirar-el-cerco-perimetral-que-protegia-la-obra.jpg\" alt=\"\" width=\"678\" height=\"451\" \/><\/a><\/p>\n<p style=\"font-weight: 400;\">Abordado por la prensa, Hormaechea explic\u00f3 que en primer lugar se realiz\u00f3 \u201cuna especie de acto simb\u00f3lico para retirar el cerco perimetral que proteg\u00eda la obra en pleno proceso de construcci\u00f3n\u201d. Es decir que, desde este martes a la ma\u00f1ana, los transe\u00fantes que pasaban por el lugar pudieron conocer c\u00f3mo qued\u00f3 el flamante paseo.<\/p>\n<p style=\"font-weight: 400;\">Expectante, el jefe comunal goyano adelant\u00f3 sensaciones: \u201cHoy es el d\u00eda y estamos mirando los \u00faltimos detalles para la inauguraci\u00f3n de esta tarde con el gobernador\u201d dijo.<\/p>\n<p style=\"font-weight: 400;\">40 METROS<\/p>\n<p style=\"font-weight: 400;\">\u00a0Lejos qued\u00f3 ese martes 8 de noviembre de 2022 tarde noche, ocasi\u00f3n en que se derrumb\u00f3 parte de la costanera en Goya y tuvieron que rescatar a dos personas.<\/p>\n<p style=\"font-weight: 400;\">Los vecinos difundieron los videos en redes sociales. Las autoridades dijeron \u201cnunca haber visto algo as\u00ed\u201d, tomaron medidas de restricci\u00f3n y solicitaron un an\u00e1lisis t\u00e9cnico a la Provincia.<\/p>\n<p style=\"font-weight: 400;\">El derrumbe se debi\u00f3 al socavamiento de una zona de la costanera que da al riacho Goya a lo largo de 40 metros.<\/p>\n<p style=\"font-weight: 400;\">\u201cEl r\u00edo se llev\u00f3 40 metros de la costanera, nunca se hab\u00eda visto algo as\u00ed\u201d, sostuvo Mariano Hormaechea en ese momento a los medios de prensa que llegaron desde el interior correntino a cubrir la situaci\u00f3n.<\/p>\n<p style=\"font-weight: 400;\">Por suerte no se tuvo que lamentar v\u00edctima fatal ni da\u00f1os mayores. Seg\u00fan el informe provincial \u201cesto que sucedi\u00f3 fue claramente producto de la bajante y la sequ\u00eda, pero tambi\u00e9n con la posterior crecida de golpe\u201d.<\/p>\n<p style=\"font-weight: 400;\">UN SUE\u00d1O HECHO REALIDAD<\/p>\n<p style=\"font-weight: 400;\">Cuatro a\u00f1os despu\u00e9s, la noche de este martes 28 de abril se estar\u00e1 inaugurando la Nueva Costanera de la ciudad de Goya.<\/p>\n<p style=\"font-weight: 400;\">\u201cEs un sue\u00f1o hecho realidad, esta semana adem\u00e1s con nuestra Fiesta del Surub\u00ed se alinearon los planetas, son d\u00edas muy importante e hist\u00f3rico para la ciudad\u201d dijo Hormaechea.<\/p>\n<p style=\"font-weight: 400;\">Esta seguidilla de inauguraciones tuvo su apertura este lunes a la noche con el espacio recuperado del Muelle de Prefectura, en el marco de las acciones impulsadas por la gesti\u00f3n municipal para la puesta en valor de espacios p\u00fablicos.<\/p>\n<p style=\"font-weight: 400;\">\u201cEsto es lo que estamos planteando nosotros, con un lugar cultural y gastron\u00f3mico para ir sumando a la infraestructura tur\u00edstica que venimos trabajando, la revalorizaci\u00f3n de espacios p\u00fablicos que venimos haciendo como el puerto, la costanera Norte y una interconexi\u00f3n entre El Ing\u00e1 y predio Costa Surub\u00ed\u201d resumi\u00f3 el funcionario.<\/p>\n","protected":false},"excerpt":{"rendered":"<p>El nuevo paseo posibilitar\u00e1 mirar al r\u00edo de frente, con un anfiteatro natural, nuevo orgullo de los goyanos. Este martes 28 de abril, a las 20 horas, el gobernador de Corrientes, Juan Pablo Vald\u00e9s y el intendente Municipal de Goya, doctor Mariano Hormaechea inaugurar\u00e1n las obras de remodelaci\u00f3n y puesta en valor de la nueva [&hellip;]<\/p>\n","protected":false},"author":4,"featured_media":150838,"comment_status":"closed","ping_status":"closed","sticky":false,"template":"","format":"standard","meta":{"footnotes":""},"categories":[45],"tags":[],"class_list":{"0":"post-150836","1":"post","2":"type-post","3":"status-publish","4":"format-standard","5":"has-post-thumbnail","7":"category-locales"},"_links":{"self":[{"href":"https:\/\/revistaesperanzas.com\/web\/wp-json\/wp\/v2\/posts\/150836","targetHints":{"allow":["GET"]}}],"collection":[{"href":"https:\/\/revistaesperanzas.com\/web\/wp-json\/wp\/v2\/posts"}],"about":[{"href":"https:\/\/revistaesperanzas.com\/web\/wp-json\/wp\/v2\/types\/post"}],"author":[{"embeddable":true,"href":"https:\/\/revistaesperanzas.com\/web\/wp-json\/wp\/v2\/users\/4"}],"replies":[{"embeddable":true,"href":"https:\/\/revistaesperanzas.com\/web\/wp-json\/wp\/v2\/comments?post=150836"}],"version-history":[{"count":2,"href":"https:\/\/revistaesperanzas.com\/web\/wp-json\/wp\/v2\/posts\/150836\/revisions"}],"predecessor-version":[{"id":150841,"href":"https:\/\/revistaesperanzas.com\/web\/wp-json\/wp\/v2\/posts\/150836\/revisions\/150841"}],"wp:featuredmedia":[{"embeddable":true,"href":"https:\/\/revistaesperanzas.com\/web\/wp-json\/wp\/v2\/media\/150838"}],"wp:attachment":[{"href":"https:\/\/revistaesperanzas.com\/web\/wp-json\/wp\/v2\/media?parent=150836"}],"wp:term":[{"taxonomy":"category","embeddable":true,"href":"https:\/\/revistaesperanzas.com\/web\/wp-json\/wp\/v2\/categories?post=150836"},{"taxonomy":"post_tag","embeddable":true,"href":"https:\/\/revistaesperanzas.com\/web\/wp-json\/wp\/v2\/tags?post=150836"}],"curies":[{"name":"wp","href":"https:\/\/api.w.org\/{rel}","templated":true}]}}