{"id":150842,"date":"2026-04-28T19:09:03","date_gmt":"2026-04-28T22:09:03","guid":{"rendered":"https:\/\/revistaesperanzas.com\/web\/?p=150842"},"modified":"2026-04-28T19:09:03","modified_gmt":"2026-04-28T22:09:03","slug":"mariano-hormaechea-sobre-la-nueva-costanera-el-sabado-en-este-lugar-va-a-haber-mas-20-mil-personas-comodamente-sentadas","status":"publish","type":"post","link":"https:\/\/revistaesperanzas.com\/web\/2026\/04\/mariano-hormaechea-sobre-la-nueva-costanera-el-sabado-en-este-lugar-va-a-haber-mas-20-mil-personas-comodamente-sentadas\/","title":{"rendered":"MARIANO HORMAECHEA SOBRE LA NUEVA COSTANERA: \u201cEL S\u00c1BADO, EN ESTE LUGAR, VA A HABER M\u00c1S 20 MIL PERSONAS C\u00d3MODAMENTE SENTADAS\u201d"},"content":{"rendered":"<p style=\"font-weight: 400;\">Anfiteatro natural al r\u00edo:<\/p>\n<p style=\"font-weight: 400;\">Hoy martes a las 20 horas, el gobernador de Corrientes, Juan Pablo Vald\u00e9s y el intendente Municipal de Goya, doctor Mariano Hormaechea inaugurar\u00e1n, m\u00e1s que la Nueva Costanera de Goya, un anfiteatro natural con gradas hacia el riacho Goya, desde donde el s\u00e1bado se podr\u00e1 ver pasar las m\u00e1s de 1400 lanchas durante la largada del mayor evento n\u00e1utico del pa\u00eds.<\/p>\n<p style=\"font-weight: 400;\">En el marco de esta inauguraci\u00f3n, Hormaechea analiz\u00f3 la mega obra destac\u00e1ndose como un \u201cmoj\u00f3n fundacional en la historia de Goya\u201d.<\/p>\n<p style=\"font-weight: 400;\">\u201cEstamos parados en la historia de la ciudad, es una refundaci\u00f3n, porque extendemos el paseo de lo que significa nuestra costanera, aqu\u00ed tambi\u00e9n hay una pol\u00edtica y visi\u00f3n de ciudad, logramos los resultados, con esto le estamos dando a los espacios p\u00fablicos el lugar que se merecen en relaci\u00f3n a nuestra historia\u201d enfatiz\u00f3 el jefe comunal goyano horas antes de cortar la cinta.<\/p>\n<p style=\"font-weight: 400;\">Respeto a la largada de embarcaciones del s\u00e1bado, Hormaechea estim\u00f3 que la gente se va a volcar masivamente al lugar llegando a superar las m\u00e1s de 20 mil personas que pueden estar sentadas en las gradas de la nueva costanera y otro tanto de gente parada, en el sector superior y plaza Italia, espacio principal del paseo costero.<\/p>\n<p style=\"font-weight: 400;\">\u201chay una carga emotiva y simb\u00f3lica por la espera que tuvimos, todos nos queremos sentir parte de este momento y del encuentro con los pescadores, y eso har\u00e1 que toda la ciudad venga a la costa a saludar a los pescadores y este lugar va a ser el epicentro de todo esto. As\u00ed que disfrutemos este momento y luego ya nos ponemos a trabajar para la edici\u00f3n n\u00famero 50\u201d finaliz\u00f3.<\/p>\n","protected":false},"excerpt":{"rendered":"<p>Anfiteatro natural al r\u00edo: Hoy martes a las 20 horas, el gobernador de Corrientes, Juan Pablo Vald\u00e9s y el intendente Municipal de Goya, doctor Mariano Hormaechea inaugurar\u00e1n, m\u00e1s que la Nueva Costanera de Goya, un anfiteatro natural con gradas hacia el riacho Goya, desde donde el s\u00e1bado se podr\u00e1 ver pasar las m\u00e1s de 1400 [&hellip;]<\/p>\n","protected":false},"author":4,"featured_media":150843,"comment_status":"closed","ping_status":"closed","sticky":false,"template":"","format":"standard","meta":{"footnotes":""},"categories":[45],"tags":[],"class_list":{"0":"post-150842","1":"post","2":"type-post","3":"status-publish","4":"format-standard","5":"has-post-thumbnail","7":"category-locales"},"_links":{"self":[{"href":"https:\/\/revistaesperanzas.com\/web\/wp-json\/wp\/v2\/posts\/150842","targetHints":{"allow":["GET"]}}],"collection":[{"href":"https:\/\/revistaesperanzas.com\/web\/wp-json\/wp\/v2\/posts"}],"about":[{"href":"https:\/\/revistaesperanzas.com\/web\/wp-json\/wp\/v2\/types\/post"}],"author":[{"embeddable":true,"href":"https:\/\/revistaesperanzas.com\/web\/wp-json\/wp\/v2\/users\/4"}],"replies":[{"embeddable":true,"href":"https:\/\/revistaesperanzas.com\/web\/wp-json\/wp\/v2\/comments?post=150842"}],"version-history":[{"count":1,"href":"https:\/\/revistaesperanzas.com\/web\/wp-json\/wp\/v2\/posts\/150842\/revisions"}],"predecessor-version":[{"id":150844,"href":"https:\/\/revistaesperanzas.com\/web\/wp-json\/wp\/v2\/posts\/150842\/revisions\/150844"}],"wp:featuredmedia":[{"embeddable":true,"href":"https:\/\/revistaesperanzas.com\/web\/wp-json\/wp\/v2\/media\/150843"}],"wp:attachment":[{"href":"https:\/\/revistaesperanzas.com\/web\/wp-json\/wp\/v2\/media?parent=150842"}],"wp:term":[{"taxonomy":"category","embeddable":true,"href":"https:\/\/revistaesperanzas.com\/web\/wp-json\/wp\/v2\/categories?post=150842"},{"taxonomy":"post_tag","embeddable":true,"href":"https:\/\/revistaesperanzas.com\/web\/wp-json\/wp\/v2\/tags?post=150842"}],"curies":[{"name":"wp","href":"https:\/\/api.w.org\/{rel}","templated":true}]}}