{"id":150845,"date":"2026-04-28T19:10:07","date_gmt":"2026-04-28T22:10:07","guid":{"rendered":"https:\/\/revistaesperanzas.com\/web\/?p=150845"},"modified":"2026-04-28T19:10:07","modified_gmt":"2026-04-28T22:10:07","slug":"felipe-pigna-visita-goya-y-continua-sumando-historias-para-su-libro","status":"publish","type":"post","link":"https:\/\/revistaesperanzas.com\/web\/2026\/04\/felipe-pigna-visita-goya-y-continua-sumando-historias-para-su-libro\/","title":{"rendered":"FELIPE PIGNA VISITA GOYA Y CONTIN\u00daA SUMANDO HISTORIAS PARA SU LIBRO"},"content":{"rendered":"<p style=\"font-weight: 400;\">La ma\u00f1ana de este martes, el intendente municipal, Mariano Hormaechea, recibi\u00f3 en su despacho al escritor e historiador Felipe Pigna quien por estos d\u00edas visita la ciudad para continuar en la elaboraci\u00f3n de un libro institucional sobre la historia de Goya.<\/p>\n<p style=\"font-weight: 400;\">Pigna visita la ciudad y avanza en la coordinaci\u00f3n de un documental y libro institucional. De la reuni\u00f3n tambi\u00e9n particip\u00f3 Martin Pigna, quien se encarga de la producci\u00f3n, recabando material testimonial para la elaboraci\u00f3n de la obra y la secretaria de Educaci\u00f3n, Sonia Espina.<a href=\"https:\/\/revistaesperanzas.com\/web\/2026\/04\/felipe-pigna-visita-goya-y-continua-sumando-historias-para-su-libro\/felipe-pigna-con-int-hormaechea-en-goya2\/\" rel=\"attachment wp-att-150847\"><img loading=\"lazy\" decoding=\"async\" class=\" wp-image-150847 alignleft\" src=\"https:\/\/revistaesperanzas.com\/web\/wp-content\/uploads\/2026\/04\/FELIPE-PIGNA-CON-INT-HORMAECHEA-EN-GOYA2.jpg\" alt=\"\" width=\"689\" height=\"458\" \/><\/a><\/p>\n<p style=\"font-weight: 400;\">En la oportunidad expusieron al jefe comunal goyano acerca de los avances de este proyecto intelectual que se viene gestando con la colaboraci\u00f3n de instituciones y vecinos.<\/p>\n<p style=\"font-weight: 400;\">En estas fechas cobra mayor relevancia los hechos de la actualidad ciudadana que se van sucediendo como es la inauguraci\u00f3n del sector del muelle de Prefectura, el d\u00eda de ayer lunes, logr\u00e1ndose el recupero de un nuevo espacio p\u00fablico. Asimismo, se documentar\u00e1 la mega obra de la costanera, cuya inauguraci\u00f3n tendr\u00e1 lugar hoy martes, convirtiendo todo el conjunto en un paseo costero de cerca de 600 metros de extensi\u00f3n.<\/p>\n<p style=\"font-weight: 400;\">Este acontecimiento (la Nueva Costanera) marca un hecho hist\u00f3rico en la sociedad goyana dado que el lugar tiene que ver con el g\u00e9nesis de nuestra ciudad.<\/p>\n","protected":false},"excerpt":{"rendered":"<p>La ma\u00f1ana de este martes, el intendente municipal, Mariano Hormaechea, recibi\u00f3 en su despacho al escritor e historiador Felipe Pigna quien por estos d\u00edas visita la ciudad para continuar en la elaboraci\u00f3n de un libro institucional sobre la historia de Goya. Pigna visita la ciudad y avanza en la coordinaci\u00f3n de un documental y libro [&hellip;]<\/p>\n","protected":false},"author":4,"featured_media":150846,"comment_status":"closed","ping_status":"closed","sticky":false,"template":"","format":"standard","meta":{"footnotes":""},"categories":[45],"tags":[],"class_list":{"0":"post-150845","1":"post","2":"type-post","3":"status-publish","4":"format-standard","5":"has-post-thumbnail","7":"category-locales"},"_links":{"self":[{"href":"https:\/\/revistaesperanzas.com\/web\/wp-json\/wp\/v2\/posts\/150845","targetHints":{"allow":["GET"]}}],"collection":[{"href":"https:\/\/revistaesperanzas.com\/web\/wp-json\/wp\/v2\/posts"}],"about":[{"href":"https:\/\/revistaesperanzas.com\/web\/wp-json\/wp\/v2\/types\/post"}],"author":[{"embeddable":true,"href":"https:\/\/revistaesperanzas.com\/web\/wp-json\/wp\/v2\/users\/4"}],"replies":[{"embeddable":true,"href":"https:\/\/revistaesperanzas.com\/web\/wp-json\/wp\/v2\/comments?post=150845"}],"version-history":[{"count":2,"href":"https:\/\/revistaesperanzas.com\/web\/wp-json\/wp\/v2\/posts\/150845\/revisions"}],"predecessor-version":[{"id":150849,"href":"https:\/\/revistaesperanzas.com\/web\/wp-json\/wp\/v2\/posts\/150845\/revisions\/150849"}],"wp:featuredmedia":[{"embeddable":true,"href":"https:\/\/revistaesperanzas.com\/web\/wp-json\/wp\/v2\/media\/150846"}],"wp:attachment":[{"href":"https:\/\/revistaesperanzas.com\/web\/wp-json\/wp\/v2\/media?parent=150845"}],"wp:term":[{"taxonomy":"category","embeddable":true,"href":"https:\/\/revistaesperanzas.com\/web\/wp-json\/wp\/v2\/categories?post=150845"},{"taxonomy":"post_tag","embeddable":true,"href":"https:\/\/revistaesperanzas.com\/web\/wp-json\/wp\/v2\/tags?post=150845"}],"curies":[{"name":"wp","href":"https:\/\/api.w.org\/{rel}","templated":true}]}}