{"id":150850,"date":"2026-04-28T19:13:18","date_gmt":"2026-04-28T22:13:18","guid":{"rendered":"https:\/\/revistaesperanzas.com\/web\/?p=150850"},"modified":"2026-04-28T19:20:48","modified_gmt":"2026-04-28T22:20:48","slug":"entrega-de-entradas-gratuitas-para-noche-inaugural","status":"publish","type":"post","link":"https:\/\/revistaesperanzas.com\/web\/2026\/04\/entrega-de-entradas-gratuitas-para-noche-inaugural\/","title":{"rendered":"ENTREGA DE ENTRADAS GRATUITAS PARA NOCHE INAUGURAL"},"content":{"rendered":"<p style=\"font-weight: 400;\"><a href=\"https:\/\/revistaesperanzas.com\/web\/2026\/04\/entrega-de-entradas-gratuitas-para-noche-inaugural\/flayer-entrega-de-entrada-gratuita-surubi\/\" rel=\"attachment wp-att-150869\"><img loading=\"lazy\" decoding=\"async\" class=\" wp-image-150869 alignleft\" src=\"https:\/\/revistaesperanzas.com\/web\/wp-content\/uploads\/2026\/04\/flayer-entrega-de-entrada-gratuita-surubi.jpg\" alt=\"\" width=\"375\" height=\"469\" srcset=\"https:\/\/revistaesperanzas.com\/web\/wp-content\/uploads\/2026\/04\/flayer-entrega-de-entrada-gratuita-surubi.jpg 500w, https:\/\/revistaesperanzas.com\/web\/wp-content\/uploads\/2026\/04\/flayer-entrega-de-entrada-gratuita-surubi-336x420.jpg 336w\" sizes=\"auto, (max-width: 375px) 100vw, 375px\" \/><\/a>La Municipalidad de Goya, a trav\u00e9s de la Secretar\u00eda de Desarrollo Humano y de la Direcci\u00f3n de Acci\u00f3n Social, comunica que este mi\u00e9rcoles 29 de abril desde las 9:30 y hasta agotar stock, se har\u00e1 entrega de UNA entrada por persona en Casa del Bicentenario, calle Ciudad de Neustadt. La pulsera se har\u00e1 entrega presentando DNI y solo tiene validez de acceso al predio para el d\u00eda 29\/04.<\/p>\n","protected":false},"excerpt":{"rendered":"<p>La Municipalidad de Goya, a trav\u00e9s de la Secretar\u00eda de Desarrollo Humano y de la Direcci\u00f3n de Acci\u00f3n Social, comunica que este mi\u00e9rcoles 29 de abril desde las 9:30 y hasta agotar stock, se har\u00e1 entrega de UNA entrada por persona en Casa del Bicentenario, calle Ciudad de Neustadt. La pulsera se har\u00e1 entrega presentando [&hellip;]<\/p>\n","protected":false},"author":4,"featured_media":150851,"comment_status":"closed","ping_status":"closed","sticky":false,"template":"","format":"standard","meta":{"footnotes":""},"categories":[45],"tags":[],"class_list":{"0":"post-150850","1":"post","2":"type-post","3":"status-publish","4":"format-standard","5":"has-post-thumbnail","7":"category-locales"},"_links":{"self":[{"href":"https:\/\/revistaesperanzas.com\/web\/wp-json\/wp\/v2\/posts\/150850","targetHints":{"allow":["GET"]}}],"collection":[{"href":"https:\/\/revistaesperanzas.com\/web\/wp-json\/wp\/v2\/posts"}],"about":[{"href":"https:\/\/revistaesperanzas.com\/web\/wp-json\/wp\/v2\/types\/post"}],"author":[{"embeddable":true,"href":"https:\/\/revistaesperanzas.com\/web\/wp-json\/wp\/v2\/users\/4"}],"replies":[{"embeddable":true,"href":"https:\/\/revistaesperanzas.com\/web\/wp-json\/wp\/v2\/comments?post=150850"}],"version-history":[{"count":2,"href":"https:\/\/revistaesperanzas.com\/web\/wp-json\/wp\/v2\/posts\/150850\/revisions"}],"predecessor-version":[{"id":150870,"href":"https:\/\/revistaesperanzas.com\/web\/wp-json\/wp\/v2\/posts\/150850\/revisions\/150870"}],"wp:featuredmedia":[{"embeddable":true,"href":"https:\/\/revistaesperanzas.com\/web\/wp-json\/wp\/v2\/media\/150851"}],"wp:attachment":[{"href":"https:\/\/revistaesperanzas.com\/web\/wp-json\/wp\/v2\/media?parent=150850"}],"wp:term":[{"taxonomy":"category","embeddable":true,"href":"https:\/\/revistaesperanzas.com\/web\/wp-json\/wp\/v2\/categories?post=150850"},{"taxonomy":"post_tag","embeddable":true,"href":"https:\/\/revistaesperanzas.com\/web\/wp-json\/wp\/v2\/tags?post=150850"}],"curies":[{"name":"wp","href":"https:\/\/api.w.org\/{rel}","templated":true}]}}