{"id":150853,"date":"2026-04-28T19:14:29","date_gmt":"2026-04-28T22:14:29","guid":{"rendered":"https:\/\/revistaesperanzas.com\/web\/?p=150853"},"modified":"2026-04-28T19:14:29","modified_gmt":"2026-04-28T22:14:29","slug":"goya-le-dice-no-al-bullyng-con-charlas-en-instituciones","status":"publish","type":"post","link":"https:\/\/revistaesperanzas.com\/web\/2026\/04\/goya-le-dice-no-al-bullyng-con-charlas-en-instituciones\/","title":{"rendered":"GOYA LE DICE \u201cNO AL BULLYNG&#8221; CON CHARLAS EN INSTITUCIONES"},"content":{"rendered":"<p style=\"font-weight: 400;\">Se llev\u00f3 a cabo la segunda jornada de charla en el CPD Arco Iris, en el turno tarde, con la participaci\u00f3n de m\u00e1s de 30 ni\u00f1os y adolescentes. A solicitud de la instituci\u00f3n, se desarroll\u00f3 una charla cuyo tema central fue &#8220;No al bullyng&#8221;.<a href=\"https:\/\/revistaesperanzas.com\/web\/2026\/04\/goya-le-dice-no-al-bullyng-con-charlas-en-instituciones\/goya-le-dice-no-al-bullyng-con-charlas-en-instituciones\/\" rel=\"attachment wp-att-150855\"><img loading=\"lazy\" decoding=\"async\" class=\" wp-image-150855 alignleft\" src=\"https:\/\/revistaesperanzas.com\/web\/wp-content\/uploads\/2026\/04\/GOYA-LE-DICE-NO-AL-BULLYNG-CON-CHARLAS-EN-INSTITUCIONES.jpg\" alt=\"\" width=\"431\" height=\"302\" srcset=\"https:\/\/revistaesperanzas.com\/web\/wp-content\/uploads\/2026\/04\/GOYA-LE-DICE-NO-AL-BULLYNG-CON-CHARLAS-EN-INSTITUCIONES.jpg 599w, https:\/\/revistaesperanzas.com\/web\/wp-content\/uploads\/2026\/04\/GOYA-LE-DICE-NO-AL-BULLYNG-CON-CHARLAS-EN-INSTITUCIONES-100x70.jpg 100w\" sizes=\"auto, (max-width: 431px) 100vw, 431px\" \/><\/a><\/p>\n<p style=\"font-weight: 400;\">La Licenciada en Psicolog\u00eda especializada en el \u00e1rea, a trav\u00e9s de diversas actividades, guio un espacio propicio para la reflexi\u00f3n y el aprendizaje compartido. Fue una tarde enriquecedora en la que todos los presentes pudieron sumar herramientas para promover el respeto y la empat\u00eda entre los pares.<\/p>\n<p style=\"font-weight: 400;\">Acompa\u00f1aron la actividad la Directora de fortalecimiento familiar Sylvina Ram\u00edrez y la directora del Centro Arco Iris, Elisa Ayala.<\/p>\n","protected":false},"excerpt":{"rendered":"<p>Se llev\u00f3 a cabo la segunda jornada de charla en el CPD Arco Iris, en el turno tarde, con la participaci\u00f3n de m\u00e1s de 30 ni\u00f1os y adolescentes. A solicitud de la instituci\u00f3n, se desarroll\u00f3 una charla cuyo tema central fue &#8220;No al bullyng&#8221;. La Licenciada en Psicolog\u00eda especializada en el \u00e1rea, a trav\u00e9s de [&hellip;]<\/p>\n","protected":false},"author":4,"featured_media":150854,"comment_status":"closed","ping_status":"closed","sticky":false,"template":"","format":"standard","meta":{"footnotes":""},"categories":[45],"tags":[],"class_list":{"0":"post-150853","1":"post","2":"type-post","3":"status-publish","4":"format-standard","5":"has-post-thumbnail","7":"category-locales"},"_links":{"self":[{"href":"https:\/\/revistaesperanzas.com\/web\/wp-json\/wp\/v2\/posts\/150853","targetHints":{"allow":["GET"]}}],"collection":[{"href":"https:\/\/revistaesperanzas.com\/web\/wp-json\/wp\/v2\/posts"}],"about":[{"href":"https:\/\/revistaesperanzas.com\/web\/wp-json\/wp\/v2\/types\/post"}],"author":[{"embeddable":true,"href":"https:\/\/revistaesperanzas.com\/web\/wp-json\/wp\/v2\/users\/4"}],"replies":[{"embeddable":true,"href":"https:\/\/revistaesperanzas.com\/web\/wp-json\/wp\/v2\/comments?post=150853"}],"version-history":[{"count":2,"href":"https:\/\/revistaesperanzas.com\/web\/wp-json\/wp\/v2\/posts\/150853\/revisions"}],"predecessor-version":[{"id":150857,"href":"https:\/\/revistaesperanzas.com\/web\/wp-json\/wp\/v2\/posts\/150853\/revisions\/150857"}],"wp:featuredmedia":[{"embeddable":true,"href":"https:\/\/revistaesperanzas.com\/web\/wp-json\/wp\/v2\/media\/150854"}],"wp:attachment":[{"href":"https:\/\/revistaesperanzas.com\/web\/wp-json\/wp\/v2\/media?parent=150853"}],"wp:term":[{"taxonomy":"category","embeddable":true,"href":"https:\/\/revistaesperanzas.com\/web\/wp-json\/wp\/v2\/categories?post=150853"},{"taxonomy":"post_tag","embeddable":true,"href":"https:\/\/revistaesperanzas.com\/web\/wp-json\/wp\/v2\/tags?post=150853"}],"curies":[{"name":"wp","href":"https:\/\/api.w.org\/{rel}","templated":true}]}}