{"id":150858,"date":"2026-04-28T19:15:12","date_gmt":"2026-04-28T22:15:12","guid":{"rendered":"https:\/\/revistaesperanzas.com\/web\/?p=150858"},"modified":"2026-04-28T19:15:12","modified_gmt":"2026-04-28T22:15:12","slug":"nuevo-espacio-de-contencion-taller-de-duelo","status":"publish","type":"post","link":"https:\/\/revistaesperanzas.com\/web\/2026\/04\/nuevo-espacio-de-contencion-taller-de-duelo\/","title":{"rendered":"NUEVO ESPACIO DE CONTENCI\u00d3N: TALLER DE DUELO"},"content":{"rendered":"<p style=\"font-weight: 400;\">Desde la Direcci\u00f3n de Salud Mental, abrimos un espacio de acompa\u00f1amiento para transitar el duelo. Sabemos que perder a un ser querido es un camino dif\u00edcil, y queremos ofrecerte herramientas y un lugar seguro para sentir, compartir y sanar.<\/p>\n<p style=\"font-weight: 400;\">\u00a1Este taller es abierto a todo p\u00fablico! No est\u00e1s solo\/a en este proceso.<\/p>\n<p style=\"font-weight: 400;\">&#8211;\u00a0\u00a0\u00a0\u00a0\u00a0\u00a0\u00a0\u00bfCu\u00e1ndo? Martes 28 de abril<\/p>\n<p style=\"font-weight: 400;\">&#8211;\u00a0\u00a0\u00a0\u00a0\u00a0\u00a0\u00a0\u00a0\u00bfHora? 16:00 hs.<\/p>\n<p style=\"font-weight: 400;\">&#8211;\u00a0\u00a0\u00a0\u00a0\u00a0\u00a0\u00a0\u00bfD\u00f3nde? Centro de D\u00eda Municipal &#8220;Pich\u00f3n Rivi\u00e8re&#8221; (Av. Sarmiento N\u00b0 904, esquina Jos\u00e9 Mar\u00eda Soto)<\/p>\n<p style=\"font-weight: 400;\">\u00a0\u00a1S\u00famate a este espacio de contenci\u00f3n y apoyo!<\/p>\n<p style=\"font-weight: 400;\">&#8211;\u00a0\u00a0\u00a0\u00a0\u00a0\u00a0\u00a0Inscripciones por WhatsApp al: 3777339378<\/p>\n<p style=\"font-weight: 400;\">Te esperamos para acompa\u00f1arte.<\/p>\n","protected":false},"excerpt":{"rendered":"<p>Desde la Direcci\u00f3n de Salud Mental, abrimos un espacio de acompa\u00f1amiento para transitar el duelo. Sabemos que perder a un ser querido es un camino dif\u00edcil, y queremos ofrecerte herramientas y un lugar seguro para sentir, compartir y sanar. \u00a1Este taller es abierto a todo p\u00fablico! No est\u00e1s solo\/a en este proceso. &#8211;\u00a0\u00a0\u00a0\u00a0\u00a0\u00a0\u00a0\u00bfCu\u00e1ndo? Martes 28 [&hellip;]<\/p>\n","protected":false},"author":4,"featured_media":150859,"comment_status":"closed","ping_status":"closed","sticky":false,"template":"","format":"standard","meta":{"footnotes":""},"categories":[45],"tags":[],"class_list":{"0":"post-150858","1":"post","2":"type-post","3":"status-publish","4":"format-standard","5":"has-post-thumbnail","7":"category-locales"},"_links":{"self":[{"href":"https:\/\/revistaesperanzas.com\/web\/wp-json\/wp\/v2\/posts\/150858","targetHints":{"allow":["GET"]}}],"collection":[{"href":"https:\/\/revistaesperanzas.com\/web\/wp-json\/wp\/v2\/posts"}],"about":[{"href":"https:\/\/revistaesperanzas.com\/web\/wp-json\/wp\/v2\/types\/post"}],"author":[{"embeddable":true,"href":"https:\/\/revistaesperanzas.com\/web\/wp-json\/wp\/v2\/users\/4"}],"replies":[{"embeddable":true,"href":"https:\/\/revistaesperanzas.com\/web\/wp-json\/wp\/v2\/comments?post=150858"}],"version-history":[{"count":1,"href":"https:\/\/revistaesperanzas.com\/web\/wp-json\/wp\/v2\/posts\/150858\/revisions"}],"predecessor-version":[{"id":150860,"href":"https:\/\/revistaesperanzas.com\/web\/wp-json\/wp\/v2\/posts\/150858\/revisions\/150860"}],"wp:featuredmedia":[{"embeddable":true,"href":"https:\/\/revistaesperanzas.com\/web\/wp-json\/wp\/v2\/media\/150859"}],"wp:attachment":[{"href":"https:\/\/revistaesperanzas.com\/web\/wp-json\/wp\/v2\/media?parent=150858"}],"wp:term":[{"taxonomy":"category","embeddable":true,"href":"https:\/\/revistaesperanzas.com\/web\/wp-json\/wp\/v2\/categories?post=150858"},{"taxonomy":"post_tag","embeddable":true,"href":"https:\/\/revistaesperanzas.com\/web\/wp-json\/wp\/v2\/tags?post=150858"}],"curies":[{"name":"wp","href":"https:\/\/api.w.org\/{rel}","templated":true}]}}