{"id":150864,"date":"2026-04-28T19:19:27","date_gmt":"2026-04-28T22:19:27","guid":{"rendered":"https:\/\/revistaesperanzas.com\/web\/?p=150864"},"modified":"2026-04-28T19:19:27","modified_gmt":"2026-04-28T22:19:27","slug":"goya-consolida-una-agenda-estrategica-entre-municipio-y-sector-academico-del-cluster-tecnologico-para-potenciar-economia-del-conocimiento","status":"publish","type":"post","link":"https:\/\/revistaesperanzas.com\/web\/2026\/04\/goya-consolida-una-agenda-estrategica-entre-municipio-y-sector-academico-del-cluster-tecnologico-para-potenciar-economia-del-conocimiento\/","title":{"rendered":"GOYA CONSOLIDA UNA AGENDA ESTRAT\u00c9GICA ENTRE MUNICIPIO Y SECTOR ACAD\u00c9MICO DEL CL\u00daSTER TECNOL\u00d3GICO PARA POTENCIAR ECONOM\u00cdA DEL CONOCIMIENTO"},"content":{"rendered":"<p style=\"font-weight: 400;\">Tras un encuentro clave en la Usina del Conocimiento, la Secretar\u00eda de Modernizaci\u00f3n y referentes de la Comisi\u00f3n Educaci\u00f3n del Cl\u00faster Tecnol\u00f3gico Goya definieron l\u00edneas de acci\u00f3n para vincular la formaci\u00f3n profesional con las demandas tecnol\u00f3gicas actuales.<\/p>\n<p style=\"font-weight: 400;\">La Municipalidad de Goya contin\u00faa afianzando su rol como articulador entre el sector acad\u00e9mico y el productivo, con el objetivo de convertir a la ciudad en un polo tecnol\u00f3gico de referencia regional.<\/p>\n<p style=\"font-weight: 400;\">En este marco, se establecieron nuevos criterios de trabajo conjunto para alinear la oferta educativa de nivel superior con las necesidades de las empresas de base tecnol\u00f3gica.<\/p>\n<p style=\"font-weight: 400;\">Esta planificaci\u00f3n estrat\u00e9gica responde a los pilares de Modernizaci\u00f3n, Desarrollo e Inclusi\u00f3n que lidera el Intendente Dr. Mariano Hormaechea.<a href=\"https:\/\/revistaesperanzas.com\/web\/2026\/04\/goya-consolida-una-agenda-estrategica-entre-municipio-y-sector-academico-del-cluster-tecnologico-para-potenciar-economia-del-conocimiento\/cluster-tecnologico-goya2\/\" rel=\"attachment wp-att-150865\"><img loading=\"lazy\" decoding=\"async\" class=\" wp-image-150865 alignleft\" src=\"https:\/\/revistaesperanzas.com\/web\/wp-content\/uploads\/2026\/04\/cluster-tecnologico-goya2.jpeg\" alt=\"\" width=\"689\" height=\"482\" srcset=\"https:\/\/revistaesperanzas.com\/web\/wp-content\/uploads\/2026\/04\/cluster-tecnologico-goya2.jpeg 600w, https:\/\/revistaesperanzas.com\/web\/wp-content\/uploads\/2026\/04\/cluster-tecnologico-goya2-100x70.jpeg 100w\" sizes=\"auto, (max-width: 689px) 100vw, 689px\" \/><\/a><\/p>\n<p style=\"font-weight: 400;\">La iniciativa busca garantizar que el crecimiento de la Econom\u00eda del Conocimiento en<\/p>\n<p style=\"font-weight: 400;\">Goya se traduzca en oportunidades reales y empleo calificado para los j\u00f3venes<\/p>\n<p style=\"font-weight: 400;\">locales.<\/p>\n<p style=\"font-weight: 400;\">A partir de los datos expuestos por el Departamento Municipal de Estad\u00edsticas y del Sector Educativo, la Secretar\u00eda de Modernizaci\u00f3n inici\u00f3 un proceso de an\u00e1lisis de las fortalezas y desaf\u00edos de las carreras tecnol\u00f3gicas en la ciudad. Este relevamiento es la base para optimizar las trayectorias formativas y potenciar el talento goyano.<\/p>\n<p style=\"font-weight: 400;\">Al respecto, el Secretario de Modernizaci\u00f3n, Innovaci\u00f3n y Desarrollo Tecnol\u00f3gico, Cr. Andr\u00e9s Zajarevich, enfatiz\u00f3 la proyecci\u00f3n de estas mesas de trabajo:<\/p>\n<p style=\"font-weight: 400;\">&amp;quot; Estamos construyendo un puente s\u00f3lido entre las aulas y el sector productivo. La decisi\u00f3n pol\u00edtica del Intendente Hormaechea es trabajar sobre datos reales para que Goya sea una ciudad de vanguardia, donde la educaci\u00f3n de calidad sea el motor del<\/p>\n<p style=\"font-weight: 400;\">desarrollo econ\u00f3mico&amp;quot;.<\/p>\n<p style=\"font-weight: 400;\">COMPROMISO DEL ARCO ACAD\u00c9MICO.<\/p>\n<p style=\"font-weight: 400;\">La mesa de trabajo cuenta con la participaci\u00f3n activa de los referentes de la educaci\u00f3n superior y t\u00e9cnica, quienes validan este proceso de integraci\u00f3n local:<\/p>\n<p style=\"font-weight: 400;\">&#8211;\u00a0\u00a0\u00a0\u00a0\u00a0\u00a0\u00a0Instituto Tecnol\u00f3gico Goya (ITG): Rector Lic. Marco Sosa.<\/p>\n<p style=\"font-weight: 400;\">&#8211;\u00a0\u00a0\u00a0\u00a0\u00a0\u00a0\u00a0Universidad de la Cuenca del Plata (UCP): Prof. Mario Contreras.<\/p>\n<p style=\"font-weight: 400;\">&#8211;\u00a0\u00a0\u00a0\u00a0\u00a0\u00a0\u00a0\u00a0ISFD \u201cDr. Daniel Lesteime\u201d: Vicerrectora Prof. Marcela Dezotti, junto a los profesores Mar\u00eda Eugenia Polo y Alejandro Rojas.<\/p>\n<p style=\"font-weight: 400;\">&#8211;\u00a0\u00a0\u00a0\u00a0\u00a0\u00a0\u00a0St. Andrew\u2019s Institute: Prof. Eugenia Palacios.<\/p>\n<p style=\"font-weight: 400;\">RESULTADOS Y VISI\u00d3N DE FUTURO<\/p>\n<p style=\"font-weight: 400;\">La articulaci\u00f3n iniciada permite trazar una agenda com\u00fan para potenciar sectores clave como el software y la innovaci\u00f3n. Con estas acciones, el municipio reafirma que la Modernizaci\u00f3n es una pol\u00edtica de Estado constante, orientada a generar un Desarrollo<\/p>\n<p style=\"font-weight: 400;\">inclusivo y con visi\u00f3n de futuro para toda la comunidad.<\/p>\n","protected":false},"excerpt":{"rendered":"<p>Tras un encuentro clave en la Usina del Conocimiento, la Secretar\u00eda de Modernizaci\u00f3n y referentes de la Comisi\u00f3n Educaci\u00f3n del Cl\u00faster Tecnol\u00f3gico Goya definieron l\u00edneas de acci\u00f3n para vincular la formaci\u00f3n profesional con las demandas tecnol\u00f3gicas actuales. La Municipalidad de Goya contin\u00faa afianzando su rol como articulador entre el sector acad\u00e9mico y el productivo, con [&hellip;]<\/p>\n","protected":false},"author":4,"featured_media":150837,"comment_status":"closed","ping_status":"closed","sticky":false,"template":"","format":"standard","meta":{"footnotes":""},"categories":[45],"tags":[],"class_list":{"0":"post-150864","1":"post","2":"type-post","3":"status-publish","4":"format-standard","5":"has-post-thumbnail","7":"category-locales"},"_links":{"self":[{"href":"https:\/\/revistaesperanzas.com\/web\/wp-json\/wp\/v2\/posts\/150864","targetHints":{"allow":["GET"]}}],"collection":[{"href":"https:\/\/revistaesperanzas.com\/web\/wp-json\/wp\/v2\/posts"}],"about":[{"href":"https:\/\/revistaesperanzas.com\/web\/wp-json\/wp\/v2\/types\/post"}],"author":[{"embeddable":true,"href":"https:\/\/revistaesperanzas.com\/web\/wp-json\/wp\/v2\/users\/4"}],"replies":[{"embeddable":true,"href":"https:\/\/revistaesperanzas.com\/web\/wp-json\/wp\/v2\/comments?post=150864"}],"version-history":[{"count":2,"href":"https:\/\/revistaesperanzas.com\/web\/wp-json\/wp\/v2\/posts\/150864\/revisions"}],"predecessor-version":[{"id":150867,"href":"https:\/\/revistaesperanzas.com\/web\/wp-json\/wp\/v2\/posts\/150864\/revisions\/150867"}],"wp:featuredmedia":[{"embeddable":true,"href":"https:\/\/revistaesperanzas.com\/web\/wp-json\/wp\/v2\/media\/150837"}],"wp:attachment":[{"href":"https:\/\/revistaesperanzas.com\/web\/wp-json\/wp\/v2\/media?parent=150864"}],"wp:term":[{"taxonomy":"category","embeddable":true,"href":"https:\/\/revistaesperanzas.com\/web\/wp-json\/wp\/v2\/categories?post=150864"},{"taxonomy":"post_tag","embeddable":true,"href":"https:\/\/revistaesperanzas.com\/web\/wp-json\/wp\/v2\/tags?post=150864"}],"curies":[{"name":"wp","href":"https:\/\/api.w.org\/{rel}","templated":true}]}}