{"id":150871,"date":"2026-04-28T19:23:05","date_gmt":"2026-04-28T22:23:05","guid":{"rendered":"https:\/\/revistaesperanzas.com\/web\/?p=150871"},"modified":"2026-04-28T19:23:05","modified_gmt":"2026-04-28T22:23:05","slug":"goya-se-viste-de-fiesta-la-49-edicion-de-la-fiesta-nacional-del-surubi-abre-sus-puertas-a-la-pasion-pescadora","status":"publish","type":"post","link":"https:\/\/revistaesperanzas.com\/web\/2026\/04\/goya-se-viste-de-fiesta-la-49-edicion-de-la-fiesta-nacional-del-surubi-abre-sus-puertas-a-la-pasion-pescadora\/","title":{"rendered":"Goya se Viste de Fiesta:  LA 49\u00b0 EDICI\u00d3N DE LA FIESTA NACIONAL DEL SURUB\u00cd ABRE SUS PUERTAS A LA PASI\u00d3N PESCADORA"},"content":{"rendered":"<p style=\"font-weight: 400;\">La cuenta regresiva ha llegado a su fin. Goya palpita al ritmo de su evento cumbre, la Fiesta Nacional del Surub\u00ed, que ma\u00f1ana mi\u00e9rcoles alzar\u00e1 el tel\u00f3n para vivir una nueva edici\u00f3n de pasi\u00f3n por la pesca. En la antesala de la gran inauguraci\u00f3n de la 49\u00b0 fiesta, Ra\u00fal Gonz\u00e1lez Vilas, presidente de la Comisi\u00f3n Municipal de Pesca (COMUPE), habl\u00f3 de los \u00faltimos preparativos, revelando el pulso de una ciudad que se entrega a su fiesta mayor.<\/p>\n<p style=\"font-weight: 400;\">COLORIDO Y PASI\u00d3N POR LA FIESTA<\/p>\n<p style=\"font-weight: 400;\">Desde el predio Costa Surub\u00ed, en di\u00e1logo con Radio Ciudad describi\u00f3 un escenario vibrante:<a href=\"https:\/\/revistaesperanzas.com\/web\/2026\/04\/goya-se-viste-de-fiesta-la-49-edicion-de-la-fiesta-nacional-del-surubi-abre-sus-puertas-a-la-pasion-pescadora\/ilustracion-pre-inauguracion-bucky-gonzalez-vilas-2\/\" rel=\"attachment wp-att-150873\"><img loading=\"lazy\" decoding=\"async\" class=\" wp-image-150873 alignleft\" src=\"https:\/\/revistaesperanzas.com\/web\/wp-content\/uploads\/2026\/04\/ilustracion-pre-inauguracion-Bucky-Gonzalez-Vilas-2.jpg\" alt=\"\" width=\"450\" height=\"298\" \/><\/a> &#8220;El predio de Costa Surub\u00ed tiene ya un gran colorido, es impresionante la cantidad de stands, todos engalanados para la noche festiva que ser\u00e1 con la inauguraci\u00f3n&#8221;. La atm\u00f3sfera no solo se enriquece con la inminente llegada de los pescadores, sino tambi\u00e9n con la entusiasta visita de delegaciones escolares e institucionales, que se anticipan a la celebraci\u00f3n, demostrando &#8220;todas las pilas puestas en esta fiesta que viene creciendo; y acompa\u00f1\u00e1ndonos el tiempo, a pleno sol&#8221;.<\/p>\n<p style=\"font-weight: 400;\">EXPO GOYA UN CENTRO DE INTER\u00c9S<\/p>\n<p style=\"font-weight: 400;\">La adrenalina se siente en cada rinc\u00f3n, especialmente en la &#8220;Expo Goya&#8221;, donde los detalles finales se ajustan con precisi\u00f3n. El presidente de la COMUPE sintetiz\u00f3 el esp\u00edritu competitivo que invade a los participantes: &#8220;Estamos terminando, ultimando detalles de la expo. Realmente, todo el mundo quiere grabar su nombre como ganador de esta edici\u00f3n de la Fiesta del Surub\u00ed, es como tener la Copa del Mundial\u201d. Una met\u00e1fora que subraya la magnitud de la gloria que significa alzarse con el premio mayor en este prestigioso concurso.<\/p>\n<p style=\"font-weight: 400;\">DESAFIOS FUTUROS<\/p>\n<p style=\"font-weight: 400;\">No obstante, el \u00e9xito de la fiesta tambi\u00e9n plantea desaf\u00edos de crecimiento. La posibilidad de superar los 1.400 equipos de pescadores genera interrogantes sobre la capacidad de infraestructura. Gonz\u00e1lez Vilas no eludi\u00f3 la cuesti\u00f3n: &#8220;Tenemos que prever qu\u00e9 mejoras hacer si existe la posibilidad de ampliar zonas y de inscriptos, y darles m\u00e1s participaci\u00f3n a los pescadores&#8221;. La log\u00edstica es compleja: &#8220;\u00bfC\u00f3mo agrandas el r\u00edo? Al r\u00edo, si pod\u00e9s tener altura de agua, pod\u00e9s manejar el tema, pero est\u00e1 el tema de la capacidad del multiespacio (donde se hace la cena clausura de pescadores), que nos queda chico para albergar a tantos pescadores. Y hay que tener en cuenta otros factores como la expo, la bajada de lanchas, la hoteler\u00eda que nos demanda mayor capacidad para que puedan alojarse todos los que nos visitan. Hay un mont\u00f3n de factores, es un conglomerado que tiene que avanzar en funci\u00f3n de la cantidad de visitantes que tenemos&#8221;. Un crecimiento que exige planificaci\u00f3n y adaptaci\u00f3n constante.<\/p>\n<p style=\"font-weight: 400;\">Con la ansiedad a flor de piel, la mirada se posa tambi\u00e9n en el cielo. Ante la pregunta sobre el pron\u00f3stico del tiempo, Gonz\u00e1lez Vilas esboz\u00f3 una respuesta llena de fe y optimismo: &#8220;Dios est\u00e1 en todos lados, pero viene para la pesca del surub\u00ed, seguro nos acompa\u00f1ar\u00e1, estar\u00e1 en la largada, noche de pesca, nos va a acompa\u00f1ar, tengo fe en eso y ojal\u00e1 sea as\u00ed\u201d, dijo.<\/p>\n<p style=\"font-weight: 400;\">SEMANA \u00daNICA EN GOYA<\/p>\n<p style=\"font-weight: 400;\">Tambi\u00e9n, el presidente de la COMUPE extendi\u00f3 una invitaci\u00f3n a toda la comunidad: &#8220;Me gustar\u00eda que esta sea una semana festiva para Goya, que nos olvidemos de los problemas que podamos tener y compartamos la Expo Goya y la fiesta que nos ofrece el Surub\u00ed\u201d.<\/p>\n<p style=\"font-weight: 400;\">\u201cEst\u00e1n invitados a participar de la fiesta, las entradas al predio Costa Surub\u00ed son accesibles, se mantienen al valor del a\u00f1o pasado. La idea es que estemos todos para disfrutar en esta semana. Hay horarios gratuitos para entrar al predio Costa Surub\u00ed&#8221;, destac\u00f3.<\/p>\n<p style=\"font-weight: 400;\">Direcci\u00f3n de Prensa &#8211; Municipalidad de Goya<\/p>\n","protected":false},"excerpt":{"rendered":"<p>La cuenta regresiva ha llegado a su fin. Goya palpita al ritmo de su evento cumbre, la Fiesta Nacional del Surub\u00ed, que ma\u00f1ana mi\u00e9rcoles alzar\u00e1 el tel\u00f3n para vivir una nueva edici\u00f3n de pasi\u00f3n por la pesca. En la antesala de la gran inauguraci\u00f3n de la 49\u00b0 fiesta, Ra\u00fal Gonz\u00e1lez Vilas, presidente de la Comisi\u00f3n [&hellip;]<\/p>\n","protected":false},"author":4,"featured_media":150872,"comment_status":"closed","ping_status":"closed","sticky":false,"template":"","format":"standard","meta":{"footnotes":""},"categories":[45],"tags":[],"class_list":{"0":"post-150871","1":"post","2":"type-post","3":"status-publish","4":"format-standard","5":"has-post-thumbnail","7":"category-locales"},"_links":{"self":[{"href":"https:\/\/revistaesperanzas.com\/web\/wp-json\/wp\/v2\/posts\/150871","targetHints":{"allow":["GET"]}}],"collection":[{"href":"https:\/\/revistaesperanzas.com\/web\/wp-json\/wp\/v2\/posts"}],"about":[{"href":"https:\/\/revistaesperanzas.com\/web\/wp-json\/wp\/v2\/types\/post"}],"author":[{"embeddable":true,"href":"https:\/\/revistaesperanzas.com\/web\/wp-json\/wp\/v2\/users\/4"}],"replies":[{"embeddable":true,"href":"https:\/\/revistaesperanzas.com\/web\/wp-json\/wp\/v2\/comments?post=150871"}],"version-history":[{"count":2,"href":"https:\/\/revistaesperanzas.com\/web\/wp-json\/wp\/v2\/posts\/150871\/revisions"}],"predecessor-version":[{"id":150875,"href":"https:\/\/revistaesperanzas.com\/web\/wp-json\/wp\/v2\/posts\/150871\/revisions\/150875"}],"wp:featuredmedia":[{"embeddable":true,"href":"https:\/\/revistaesperanzas.com\/web\/wp-json\/wp\/v2\/media\/150872"}],"wp:attachment":[{"href":"https:\/\/revistaesperanzas.com\/web\/wp-json\/wp\/v2\/media?parent=150871"}],"wp:term":[{"taxonomy":"category","embeddable":true,"href":"https:\/\/revistaesperanzas.com\/web\/wp-json\/wp\/v2\/categories?post=150871"},{"taxonomy":"post_tag","embeddable":true,"href":"https:\/\/revistaesperanzas.com\/web\/wp-json\/wp\/v2\/tags?post=150871"}],"curies":[{"name":"wp","href":"https:\/\/api.w.org\/{rel}","templated":true}]}}