{"id":150876,"date":"2026-04-28T19:27:31","date_gmt":"2026-04-28T22:27:31","guid":{"rendered":"https:\/\/revistaesperanzas.com\/web\/?p=150876"},"modified":"2026-04-28T19:27:31","modified_gmt":"2026-04-28T22:27:31","slug":"eduardo-villarreal-la-fiesta-del-surubi-la-hizo-grande-el-acompanamiento-incondicional-del-pueblo","status":"publish","type":"post","link":"https:\/\/revistaesperanzas.com\/web\/2026\/04\/eduardo-villarreal-la-fiesta-del-surubi-la-hizo-grande-el-acompanamiento-incondicional-del-pueblo\/","title":{"rendered":"EDUARDO VILLARREAL:  \u201cLA FIESTA DEL SURUB\u00cd LA HIZO GRANDE EL ACOMPA\u00d1AMIENTO INCONDICIONAL DEL PUEBLO&#8221;"},"content":{"rendered":"<p style=\"font-weight: 400;\">Eduardo Villarreal, hijo del recordado Antonio Villarreal, a quien se le atribuye la visi\u00f3n fundacional de la Fiesta Nacional del Surub\u00ed, expres\u00f3 sus reflexiones sobre el pasado, presente y futuro, de una fiesta que trasciende lo meramente deportivo para convertirse en un fen\u00f3meno cultural.<\/p>\n<p style=\"font-weight: 400;\">En un di\u00e1logo con Radio Ciudad, Eduardo Villarreal reconoci\u00f3 la figura de su padre como &#8220;el impulsor de todo&#8221;, pero remarc\u00f3 que el \u00e9xito y la magnitud actual de la Fiesta del Surub\u00ed no habr\u00edan sido posibles sin un &#8220;aliado incomparable: todo el pueblo de Goya&#8221;.<a href=\"https:\/\/revistaesperanzas.com\/web\/2026\/04\/eduardo-villarreal-la-fiesta-del-surubi-la-hizo-grande-el-acompanamiento-incondicional-del-pueblo\/antonio-villarreal\/\" rel=\"attachment wp-att-150878\"><img loading=\"lazy\" decoding=\"async\" class=\" wp-image-150878 alignleft\" src=\"https:\/\/revistaesperanzas.com\/web\/wp-content\/uploads\/2026\/04\/Antonio-Villarreal.jpeg\" alt=\"\" width=\"710\" height=\"710\" srcset=\"https:\/\/revistaesperanzas.com\/web\/wp-content\/uploads\/2026\/04\/Antonio-Villarreal.jpeg 600w, https:\/\/revistaesperanzas.com\/web\/wp-content\/uploads\/2026\/04\/Antonio-Villarreal-420x420.jpeg 420w\" sizes=\"auto, (max-width: 710px) 100vw, 710px\" \/><\/a> Rememorando los inicios, cuando la comisi\u00f3n organizadora contaba con apenas 14 miembros \u2013incluy\u00e9ndolo a \u00e9l en el &#8217;89 y &#8217;90\u2013, Eduardo subraya la transformaci\u00f3n: &#8220;Ahora son m\u00e1s, y est\u00e1 todo el pueblo atr\u00e1s, desde el primero al \u00faltimo se convierten en embajadores de la fiesta\u201d. Esta convicci\u00f3n popular, sostuvo, es lo que diferencia a la Fiesta del Surub\u00ed, tal como le expresaron visitantes de Reconquista, quienes valoran el &#8220;impulso que le da la ciudad&#8221; y que &#8220;no la tienen en otros lados&#8221;.<\/p>\n<p style=\"font-weight: 400;\">La consecuci\u00f3n de la denominaci\u00f3n de &#8220;Fiesta Nacional&#8221;, un hito no menor, es para Villarreal una prueba del compromiso colectivo. &#8220;La Fiesta la hizo grande el acompa\u00f1amiento incondicional de los habitantes de Goya&#8221;, asegur\u00f3 y al mismo tiempo reconoci\u00f3 el rol de su padre en los a\u00f1os de su intendencia, cuando un modesto concurso de canoitas sent\u00f3 las bases para lo que hoy congrega &#8220;a 1.400 lanchas&#8221;.<\/p>\n<p style=\"font-weight: 400;\">Villarreal tambi\u00e9n hizo un repaso por la evoluci\u00f3n log\u00edstica del evento, desde los &#8220;inconvenientes que hab\u00eda al principio&#8221; hasta el traslado de la celebraci\u00f3n a la Costanera, y finalmente al actual predio Costa Surub\u00ed \u2013anteriormente Costa del Sol\u2013, evidenciando una adaptaci\u00f3n y crecimiento constantes impulsados por el &#8220;apoyo de la ciudadan\u00eda&#8221;.<\/p>\n<p style=\"font-weight: 400;\">Un punto de inflexi\u00f3n que resalt\u00f3 es la adopci\u00f3n de la pesca con devoluci\u00f3n, una modalidad que &#8220;en su momento parec\u00eda imposible&#8221; pero que, gracias a &#8220;muchos visionarios en Goya&#8221;, hoy es una realidad. Record\u00f3, adem\u00e1s, la dedicaci\u00f3n de quienes trabajaron incansablemente con la comisi\u00f3n desde la municipalidad.<a href=\"https:\/\/revistaesperanzas.com\/web\/2026\/04\/eduardo-villarreal-la-fiesta-del-surubi-la-hizo-grande-el-acompanamiento-incondicional-del-pueblo\/eduardo-villarreal-padre-e-hijo-y-nieto\/\" rel=\"attachment wp-att-150879\"><img loading=\"lazy\" decoding=\"async\" class=\" wp-image-150879 alignleft\" src=\"https:\/\/revistaesperanzas.com\/web\/wp-content\/uploads\/2026\/04\/Eduardo-Villarreal-padre-e-hijo-y-nieto.jpeg\" alt=\"\" width=\"519\" height=\"363\" srcset=\"https:\/\/revistaesperanzas.com\/web\/wp-content\/uploads\/2026\/04\/Eduardo-Villarreal-padre-e-hijo-y-nieto.jpeg 600w, https:\/\/revistaesperanzas.com\/web\/wp-content\/uploads\/2026\/04\/Eduardo-Villarreal-padre-e-hijo-y-nieto-100x70.jpeg 100w\" sizes=\"auto, (max-width: 519px) 100vw, 519px\" \/><\/a><\/p>\n<p style=\"font-weight: 400;\">Eduardo Villarreal hizo hincapi\u00e9 en la creciente participaci\u00f3n femenina en el concurso, mujeres que &#8220;sufrieron a la par de los hombres el fr\u00edo, el calor o los mosquitos, la noche en vela del s\u00e1bado para pescar&#8221;. Su presencia, que &#8220;cada vez fue m\u00e1s&#8221;, ha enriquecido la fiesta, contribuyendo a su &#8220;lucimiento&#8221;.<\/p>\n<p style=\"font-weight: 400;\">La trascendencia medi\u00e1tica actual, con la fiesta captando la atenci\u00f3n de medios nacionales, contrasta con sus humildes comienzos, cuando depend\u00eda de &#8220;radios locales y periodistas que ven\u00edan de casualidad&#8221;. Pocos hubieran imaginado, admiti\u00f3, la magnitud que alcanzar\u00eda. La ic\u00f3nica Canci\u00f3n del Surub\u00ed y la poes\u00eda que aporta Carlos G\u00f3mez Mu\u00f1oz, seg\u00fan Villarreal, resuenan en el coraz\u00f3n de todos, un testimonio de la profunda identidad que la fiesta ha forjado. El mensaje es claro: la Fiesta Nacional del Surub\u00ed es un logro colectivo, un &#8220;dif\u00edcil llegar a esto sin el apoyo de la gente&#8221;.<\/p>\n","protected":false},"excerpt":{"rendered":"<p>Eduardo Villarreal, hijo del recordado Antonio Villarreal, a quien se le atribuye la visi\u00f3n fundacional de la Fiesta Nacional del Surub\u00ed, expres\u00f3 sus reflexiones sobre el pasado, presente y futuro, de una fiesta que trasciende lo meramente deportivo para convertirse en un fen\u00f3meno cultural. En un di\u00e1logo con Radio Ciudad, Eduardo Villarreal reconoci\u00f3 la figura [&hellip;]<\/p>\n","protected":false},"author":4,"featured_media":150877,"comment_status":"closed","ping_status":"closed","sticky":false,"template":"","format":"standard","meta":{"footnotes":""},"categories":[45],"tags":[],"class_list":{"0":"post-150876","1":"post","2":"type-post","3":"status-publish","4":"format-standard","5":"has-post-thumbnail","7":"category-locales"},"_links":{"self":[{"href":"https:\/\/revistaesperanzas.com\/web\/wp-json\/wp\/v2\/posts\/150876","targetHints":{"allow":["GET"]}}],"collection":[{"href":"https:\/\/revistaesperanzas.com\/web\/wp-json\/wp\/v2\/posts"}],"about":[{"href":"https:\/\/revistaesperanzas.com\/web\/wp-json\/wp\/v2\/types\/post"}],"author":[{"embeddable":true,"href":"https:\/\/revistaesperanzas.com\/web\/wp-json\/wp\/v2\/users\/4"}],"replies":[{"embeddable":true,"href":"https:\/\/revistaesperanzas.com\/web\/wp-json\/wp\/v2\/comments?post=150876"}],"version-history":[{"count":2,"href":"https:\/\/revistaesperanzas.com\/web\/wp-json\/wp\/v2\/posts\/150876\/revisions"}],"predecessor-version":[{"id":150881,"href":"https:\/\/revistaesperanzas.com\/web\/wp-json\/wp\/v2\/posts\/150876\/revisions\/150881"}],"wp:featuredmedia":[{"embeddable":true,"href":"https:\/\/revistaesperanzas.com\/web\/wp-json\/wp\/v2\/media\/150877"}],"wp:attachment":[{"href":"https:\/\/revistaesperanzas.com\/web\/wp-json\/wp\/v2\/media?parent=150876"}],"wp:term":[{"taxonomy":"category","embeddable":true,"href":"https:\/\/revistaesperanzas.com\/web\/wp-json\/wp\/v2\/categories?post=150876"},{"taxonomy":"post_tag","embeddable":true,"href":"https:\/\/revistaesperanzas.com\/web\/wp-json\/wp\/v2\/tags?post=150876"}],"curies":[{"name":"wp","href":"https:\/\/api.w.org\/{rel}","templated":true}]}}