{"id":150882,"date":"2026-04-28T19:31:38","date_gmt":"2026-04-28T22:31:38","guid":{"rendered":"https:\/\/revistaesperanzas.com\/web\/?p=150882"},"modified":"2026-04-28T19:31:38","modified_gmt":"2026-04-28T22:31:38","slug":"concejal-cabrol-no-soy-oficialismo-ni-oposicion-voy-a-acompanar-lo-que-sea-bueno-para-goya","status":"publish","type":"post","link":"https:\/\/revistaesperanzas.com\/web\/2026\/04\/concejal-cabrol-no-soy-oficialismo-ni-oposicion-voy-a-acompanar-lo-que-sea-bueno-para-goya\/","title":{"rendered":"CONCEJAL CABROL: &#8220;NO  SOY OFICIALISMO NI OPOSICI\u00d3N, VOY A ACOMPA\u00d1AR LO QUE SEA BUENO PARA GOYA&#8221;"},"content":{"rendered":"<p>El concejal de La Libertad Avanza habl\u00f3 sobre su rol como monobloque, cuestion\u00f3 la integraci\u00f3n de comisiones y expuso ideas en las que har\u00e1 hincapi\u00e9 en su trabajo legislativo. En el programa \u201cLa voz del Concejo Deliberante\u201d, Nahuel Cabrol, tambi\u00e9n explic\u00f3 porque devolvi\u00f3 las entradas gratuitas para acceder a Costa Surub\u00ed. \u201cNo por ser funcionario tenemos que tener beneficios que el resto de la gente no tiene. Todos deben pagar su entrada y acceder en igualdad de condiciones\u201d, expres\u00f3.<\/p>\n<p>En una entrevista en el programa que el HCD tiene en Radio Ciudad, el joven edil de LLA (tiene 32 a\u00f1os) asegur\u00f3 que no responde ni al oficialismo ni a la oposici\u00f3n, sino que su accionar estar\u00e1 guiado por \u201cacompa\u00f1ar todo lo que sea beneficioso para los goyanos\u201d.<a href=\"https:\/\/revistaesperanzas.com\/web\/2026\/04\/concejal-cabrol-no-soy-oficialismo-ni-oposicion-voy-a-acompanar-lo-que-sea-bueno-para-goya\/concejal-nahuel-cabrol-2\/\" rel=\"attachment wp-att-150884\"><img loading=\"lazy\" decoding=\"async\" class=\"alignnone  wp-image-150884\" src=\"https:\/\/revistaesperanzas.com\/web\/wp-content\/uploads\/2026\/04\/Concejal-Nahuel-Cabrol.jpeg\" alt=\"\" width=\"674\" height=\"562\" srcset=\"https:\/\/revistaesperanzas.com\/web\/wp-content\/uploads\/2026\/04\/Concejal-Nahuel-Cabrol.jpeg 600w, https:\/\/revistaesperanzas.com\/web\/wp-content\/uploads\/2026\/04\/Concejal-Nahuel-Cabrol-504x420.jpeg 504w\" sizes=\"auto, (max-width: 674px) 100vw, 674px\" \/><\/a><\/p>\n<p>Cabrol destac\u00f3 que su espacio pol\u00edtico es reciente en la ciudad y que su presencia en el Concejo marca un antecedente. \u201cSoy el primer concejal de La Libertad Avanza en Goya, y eso implica desaf\u00edos, porque no hay experiencia previa dentro del cuerpo\u201d, explic\u00f3.<\/p>\n<p>En ese sentido, se defini\u00f3 como un monobloque con autonom\u00eda de criterio. \u201cNo me considero ni oficialismo ni oposici\u00f3n. Si un proyecto es bueno, lo voy a acompa\u00f1ar sin importar el color pol\u00edtico; y si no coincide con mis ideas, lo voy a se\u00f1alar\u201d, afirm\u00f3.<\/p>\n<p>CUESTIONAMIENTO POR LA CONFORMACI\u00d3N DE COMISIONES<\/p>\n<p>Uno de los puntos de conflicto al inicio del a\u00f1o legislativo fue la integraci\u00f3n de las comisiones de trabajo del Concejo Deliberante. Cabrol cuestion\u00f3 que no se haya respetado el criterio de proporcionalidad establecido en el reglamento.<\/p>\n<p>\u201cEl reglamento indica que las comisiones deben conformarse de manera proporcional al n\u00famero de concejales. Nosotros entend\u00edamos que deb\u00edan ser m\u00e1s equitativas, y eso no ocurri\u00f3\u201d, sostuvo.<\/p>\n<p>A pesar de las diferencias, el edil remarc\u00f3 la importancia de estos espacios: \u201cLas comisiones son clave, porque ah\u00ed se analizan los proyectos y se definen muchas de las necesidades de la ciudad\u201d.<\/p>\n<p>INFRAESTRUCTURA Y SERVICIOS, ENTRE LAS PRIORIDADES<\/p>\n<p>Desde su lugar en la Comisi\u00f3n de Obras P\u00fablicas, el concejal de la LLA adelant\u00f3 que pondr\u00e1 el foco en problem\u00e1ticas estructurales de la ciudad. Entre ellas, mencion\u00f3 el estado de los caminos, la falta de iluminaci\u00f3n y cuestiones vinculadas a la seguridad.<\/p>\n<p>\u201cHay muchos barrios con calles en mal estado, zonas sin mantenimiento, falta de cloacas y lugares que se vuelven intransitables cuando llueve. Son cuestiones b\u00e1sicas que hay que mejorar\u201d, adviti\u00f3.<\/p>\n<p>Tambi\u00e9n hizo hincapi\u00e9 en la situaci\u00f3n de los caminos rurales, a partir de reclamos de productores. \u201cPresent\u00e9 una nota con m\u00e1s de 200 firmas. Los caminos est\u00e1n en muy mal estado y con mantenimiento se podr\u00eda mejorar mucho\u201d, indic\u00f3.<\/p>\n<p>\u201cSE DEBEN TERMINAR LOS PRIVILEGIOS\u201d<\/p>\n<p>Uno de los momentos m\u00e1s comentados de su gesti\u00f3n fue la decisi\u00f3n de devolver entradas protocolares para ingresar al predio Costa Surub\u00ed en esta semana de la Fiesta Mayor de Goya. Cabrol explic\u00f3 que lo hizo como un gesto contra los privilegios en la pol\u00edtica.<\/p>\n<p>\u201cNo por ser funcionario tenemos que tener beneficios que el resto de la gente no tiene. Todos deben pagar su entrada y acceder en igualdad de condiciones\u201d, expres\u00f3. Y a\u00f1adi\u00f3 \u201cse tienen que cortar los privilegios y tenemos que empezar a tener otra mentalidad con el tema de la pol\u00edtica\u201d.<\/p>\n<p>Dejo en claro adem\u00e1s que su postura no es contra la Fiesta: \u201cSoy pescador, participo hace a\u00f1os, voy a participar tambi\u00e9n este a\u00f1o y la defiendo. Es un orgullo para Goya. Pero hay pr\u00e1cticas que deben cambiar\u201d, remarc\u00f3.<\/p>\n<p>PRODUCCI\u00d3N Y PRESI\u00d3N IMPOSITIVA<\/p>\n<p>El concejal tambi\u00e9n se refiri\u00f3 a la situaci\u00f3n econ\u00f3mica y productiva. Consider\u00f3 que uno de los grandes desaf\u00edos es la falta de empleo y plante\u00f3 la necesidad de aliviar la carga impositiva.<\/p>\n<p>\u201cHay que buscar formas de ayudar al ciudadano, quiz\u00e1s reduciendo algunos impuestos para que no impacten tanto en el bolsillo\u201d, sostuvo, aunque no detallo cuales deber\u00edan reducirse.<\/p>\n<p>Y en relaci\u00f3n al sector productivo, remarc\u00f3 la importancia de fortalecer al campo, especialmente a los peque\u00f1os productores. \u201cEs un sector clave, pero muchas veces olvidado. Necesita impulso y acompa\u00f1amiento\u201d, afirm\u00f3.<\/p>\n<p>COPARTICIPACI\u00d3N Y MIRADA NACIONAL<\/p>\n<p>En el plano nacional, Nahuel Cabrol defendi\u00f3 la gesti\u00f3n del presidente Javier Milei y relativiz\u00f3 las cr\u00edticas sobre la baja de la coparticipaci\u00f3n. \u201cNo es que se redujo el porcentaje, sino que baja el monto porque cay\u00f3 la actividad econ\u00f3mica\u201d, explic\u00f3.<\/p>\n<p>Adem\u00e1s, valor\u00f3 las medidas econ\u00f3micas adoptadas: \u201cSe lograron avances como la reducci\u00f3n del d\u00e9ficit y la baja de la pobreza. Sabemos que no es inmediato, pero hay un rumbo\u201d.<\/p>\n<p>PREOCUPACI\u00d3N POR SITUACION DE APIPE<\/p>\n<p>Consultado por la situaci\u00f3n de la Asociaci\u00f3n para la Integraci\u00f3n de Personas Especiales (APIPE), cuya continuidad est\u00e1 en peligro por la falta del cumplimiento de la Ley de Emergencia en Discapacidad, y la falta de pago por parte de INCLUIR SALUD, desde noviembre de 2025, el edil de LLA reconoci\u00f3 su preocupaci\u00f3n ante la posibilidad de cierre.<\/p>\n<p>\u201cEs una instituci\u00f3n muy importante para la ciudad. Hay que interiorizarse bien y ver de qu\u00e9 manera se puede colaborar para que contin\u00fae funcionando\u201d, se\u00f1al\u00f3.<\/p>\n<p>Finalmente, Cabrol expres\u00f3 su entusiasmo por una nueva edici\u00f3n de la Fiesta Nacional del Surub\u00ed. \u201cEs una de las semanas m\u00e1s importantes para Goya. Esperamos que sea un \u00e9xito y que todos puedan disfrutarla\u201d, concluy\u00f3.-<\/p>\n","protected":false},"excerpt":{"rendered":"<p>El concejal de La Libertad Avanza habl\u00f3 sobre su rol como monobloque, cuestion\u00f3 la integraci\u00f3n de comisiones y expuso ideas en las que har\u00e1 hincapi\u00e9 en su trabajo legislativo. En el programa \u201cLa voz del Concejo Deliberante\u201d, Nahuel Cabrol, tambi\u00e9n explic\u00f3 porque devolvi\u00f3 las entradas gratuitas para acceder a Costa Surub\u00ed. \u201cNo por ser funcionario [&hellip;]<\/p>\n","protected":false},"author":4,"featured_media":150883,"comment_status":"closed","ping_status":"closed","sticky":false,"template":"","format":"standard","meta":{"footnotes":""},"categories":[45],"tags":[],"class_list":{"0":"post-150882","1":"post","2":"type-post","3":"status-publish","4":"format-standard","5":"has-post-thumbnail","7":"category-locales"},"_links":{"self":[{"href":"https:\/\/revistaesperanzas.com\/web\/wp-json\/wp\/v2\/posts\/150882","targetHints":{"allow":["GET"]}}],"collection":[{"href":"https:\/\/revistaesperanzas.com\/web\/wp-json\/wp\/v2\/posts"}],"about":[{"href":"https:\/\/revistaesperanzas.com\/web\/wp-json\/wp\/v2\/types\/post"}],"author":[{"embeddable":true,"href":"https:\/\/revistaesperanzas.com\/web\/wp-json\/wp\/v2\/users\/4"}],"replies":[{"embeddable":true,"href":"https:\/\/revistaesperanzas.com\/web\/wp-json\/wp\/v2\/comments?post=150882"}],"version-history":[{"count":2,"href":"https:\/\/revistaesperanzas.com\/web\/wp-json\/wp\/v2\/posts\/150882\/revisions"}],"predecessor-version":[{"id":150886,"href":"https:\/\/revistaesperanzas.com\/web\/wp-json\/wp\/v2\/posts\/150882\/revisions\/150886"}],"wp:featuredmedia":[{"embeddable":true,"href":"https:\/\/revistaesperanzas.com\/web\/wp-json\/wp\/v2\/media\/150883"}],"wp:attachment":[{"href":"https:\/\/revistaesperanzas.com\/web\/wp-json\/wp\/v2\/media?parent=150882"}],"wp:term":[{"taxonomy":"category","embeddable":true,"href":"https:\/\/revistaesperanzas.com\/web\/wp-json\/wp\/v2\/categories?post=150882"},{"taxonomy":"post_tag","embeddable":true,"href":"https:\/\/revistaesperanzas.com\/web\/wp-json\/wp\/v2\/tags?post=150882"}],"curies":[{"name":"wp","href":"https:\/\/api.w.org\/{rel}","templated":true}]}}